{"id":99869,"date":"2020-09-24T12:30:00","date_gmt":"2020-09-24T16:30:00","guid":{"rendered":"https:\/\/linitiative.ca\/International\/luis-suarez-se-rapproche-de-latletico-madrid\/"},"modified":"2020-09-24T12:30:00","modified_gmt":"2020-09-24T16:30:00","slug":"luis-suarez-se-rapproche-de-latletico-madrid","status":"publish","type":"post","link":"https:\/\/linitiative.ca\/International\/luis-suarez-se-rapproche-de-latletico-madrid\/","title":{"rendered":"Luis Suarez se rapproche  de l&rsquo;Atletico Madrid"},"content":{"rendered":"<p class=\"p1 c3\"><span class=\"c2\">L&rsquo;attaquant de 33 ans semble pr\u00eat \u00e0 rejoindre les hommes de Simeone apr\u00e8s que son transfert \u00e0 la Juventus ne se soit pas concr\u00e9tis\u00e9.<\/span><\/p>\n<p class=\"p1 c3\"><span class=\"c2\">Luis Suarez s&rsquo;appr\u00eate \u00e0 rejoindre l&rsquo;Atletico Madrid apr\u00e8s que les repr\u00e9sentants de l&rsquo;attaquant ont fait une \u00e9norme avanc\u00e9e dans les pourparlers avec le FC Barcelone mardi. Des sources ont confirm\u00e9 qu&rsquo;un accord avait \u00e9t\u00e9 conclu apr\u00e8s des discussions entre le pr\u00e9sident du Barca Josep Maria Bartomeu et le clan de Suarez. Luis Suarez recevra un r\u00e8glement de Barcelone apr\u00e8s la fin de la derni\u00e8re ann\u00e9e de son contrat au Camp Nou.<\/span><\/p>\n<p class=\"p1 c3\"><span class=\"c2\">Cela permettra au joueur de 33 ans de rejoindre les hommes de Diego Simeone pour un contrat de deux ans, d&rsquo;une valeur de 9 millions d&rsquo;euros par saison et comprenant un certain nombre de bonus. L&rsquo;Uruguayen devrait se rendre \u00e0 Madrid pour subir un examen m\u00e9dical dans les prochains jours et pourrait m\u00eame \u00eatre apte et qualifi\u00e9 pour faire ses d\u00e9buts \u00e0 l&rsquo;Atletico lors du match d&rsquo;ouverture de la Liga dimanche contre Grenade.<\/span><\/p>\n<p class=\"p2 c4\">\u00a0<\/p>\n<p class=\"p3 c5\"><span class=\"c2\"><strong>Suarez successeur de Morata<\/strong><\/span><\/p>\n<p class=\"p1 c3\"><span class=\"c2\">Le transfert de Suarez \u00e0 l&rsquo;Atletico semblait \u00eatre incertain apr\u00e8s que Bartomeu eut initialement d\u00e9cid\u00e9 qu&rsquo;il ne souhaitait pas permettre \u00e0 l&rsquo;attaquant de rejoindre l&rsquo;un des principaux rivaux de son \u00e9quipe. Cependant, le pr\u00e9sident Blaugrana a assoupli sa position et tout semble d\u00e9sormais en place pour que l&rsquo;attaquant s&rsquo;installe dans la capitale espagnole. Luis Suarez semblait destin\u00e9 \u00e0 quitter Barcelone apr\u00e8s l&rsquo;arriv\u00e9e du nouvel entra\u00eeneur, Ronald Koeman, qui a d\u00e9clar\u00e9 \u00e0 l&rsquo;Uruguayen qu&rsquo;il n&rsquo;\u00e9tait pas dans ses plans pour la saison \u00e0 venir.<\/span><\/p>\n<p class=\"p1 c3\"><span class=\"c2\">L&rsquo;attaquant v\u00e9t\u00e9ran avait initialement envisag\u00e9 de rejoindre la Juventus et a m\u00eame conclu un accord avec le champion d&rsquo;Italie en titre sur son contrat, puis s&rsquo;est rendu en Italie pour un examen de langue afin d&rsquo;obtenir un passeport. Dimanche, cependant, le directeur sportif de la Juventus, Fabio Paratici, a confirm\u00e9 qu&rsquo;un accord pour Suarez \u00e9tait conclu et qu&rsquo;il y avait maintenant des questions sur les irr\u00e9gularit\u00e9s dans l&rsquo;examen de langue de Suarez.<\/span><\/p>\n<p class=\"p1 c3\"><span class=\"c2\">La Juventus a finalement r\u00e9ussi \u00e0 signer un nouvel attaquant, en recrutant mardi Alvaro Morata de l&rsquo;Atletico Madrid dans le cadre d&rsquo;un pr\u00eat de 12 mois, avec l&rsquo;option pour une deuxi\u00e8me saison et un transfert permanent pour 45 millions d&rsquo;euros. Le d\u00e9part de Morata offrira plus de temps de jeu pour Suarez, qui quitte Barcelone apr\u00e8s s&rsquo;\u00eatre impos\u00e9 comme l&rsquo;un des grands attaquants de tous les temps du club. Au cours de ses six saisons en tant que joueur du Barca, l&rsquo;Uruguayen a marqu\u00e9 198 buts et quitte le club en tant que troisi\u00e8me meilleur buteur de tous les temps du club, derri\u00e8re seulement Lionel Messi et Cesar.<\/span><\/p>\n<p>Auteur: letemps1<br \/>\n<a href=\"http:\/\/www.letemps.com.tn\/article\/117230\/luis-suarez-se-rapproche-de-latletico-madrid\">Cliquez ici pour lire l&rsquo;article depuis sa source.<\/a><\/p>\n","protected":false},"excerpt":{"rendered":"<p>L&rsquo;attaquant de 33 ans semble pr\u00eat \u00e0 rejoindre les hommes de Simeone apr\u00e8s que son transfert \u00e0 la Juventus ne se soit pas concr\u00e9tis\u00e9. Luis Suarez s&rsquo;appr\u00eate \u00e0 rejoindre l&rsquo;Atletico Madrid apr\u00e8s que les repr\u00e9sentants de l&rsquo;attaquant ont fait une \u00e9norme avanc\u00e9e dans les pourparlers avec le FC Barcelone mardi. Des sources ont confirm\u00e9 qu&rsquo;un [&hellip;]<\/p>\n","protected":false},"author":1773,"featured_media":0,"comment_status":"closed","ping_status":"closed","sticky":false,"template":"","format":"standard","meta":{"fifu_image_url":"","fifu_image_alt":"","footnotes":""},"categories":[73,55],"tags":[],"class_list":["post-99869","post","type-post","status-publish","format-standard","hentry","category-actualite","category-tunisie"],"_links":{"self":[{"href":"https:\/\/linitiative.ca\/International\/wp-json\/wp\/v2\/posts\/99869","targetHints":{"allow":["GET"]}}],"collection":[{"href":"https:\/\/linitiative.ca\/International\/wp-json\/wp\/v2\/posts"}],"about":[{"href":"https:\/\/linitiative.ca\/International\/wp-json\/wp\/v2\/types\/post"}],"author":[{"embeddable":true,"href":"https:\/\/linitiative.ca\/International\/wp-json\/wp\/v2\/users\/1773"}],"replies":[{"embeddable":true,"href":"https:\/\/linitiative.ca\/International\/wp-json\/wp\/v2\/comments?post=99869"}],"version-history":[{"count":0,"href":"https:\/\/linitiative.ca\/International\/wp-json\/wp\/v2\/posts\/99869\/revisions"}],"wp:attachment":[{"href":"https:\/\/linitiative.ca\/International\/wp-json\/wp\/v2\/media?parent=99869"}],"wp:term":[{"taxonomy":"category","embeddable":true,"href":"https:\/\/linitiative.ca\/International\/wp-json\/wp\/v2\/categories?post=99869"},{"taxonomy":"post_tag","embeddable":true,"href":"https:\/\/linitiative.ca\/International\/wp-json\/wp\/v2\/tags?post=99869"}],"curies":[{"name":"wp","href":"https:\/\/api.w.org\/{rel}","templated":true}]}}