{"id":99870,"date":"2020-09-24T15:13:27","date_gmt":"2020-09-24T19:13:27","guid":{"rendered":"https:\/\/linitiative.ca\/International\/pros-asse-pas-doffre-concrete-pour-boudebouz\/"},"modified":"2020-09-24T15:13:27","modified_gmt":"2020-09-24T19:13:27","slug":"pros-asse-pas-doffre-concrete-pour-boudebouz","status":"publish","type":"post","link":"https:\/\/linitiative.ca\/International\/pros-asse-pas-doffre-concrete-pour-boudebouz\/","title":{"rendered":"Pros : ASSE : Pas d&rsquo;offre concr\u00e8te pour Boudebouz ?"},"content":{"rendered":"<div readability=\"32\">\n<p>Auteur : <span class=\"time\">jeudi 24 septembre 2020 08:30<\/span><\/p>\n<\/div>\n<div id=\"post_core\" readability=\"42\">\n<p>le cas Ryad Boudebouz (30 ans) pourrait faire des vagues du c\u00f4t\u00e9 de Saint-Etienne, lui qui aurait \u00e9t\u00e9 froiss\u00e9 de s\u2019entendre dire qu\u2019il devait partir par Jean-Lus Buisine cet \u00e9t\u00e9. \u00ab\u00a0Afin de calmer les esprits, Roland Romeyer l\u2019a convoqu\u00e9 dans son bureau, d\u00e9but septembre, explique le quotidien sportif. Il lui a expliqu\u00e9 que le club n\u2019avait rien contre lui, mais que le projet sportif et financier avait chang\u00e9. Qu\u2019il fallait baisser la masse salariale et revenir \u00e0 des salaires \u00ab\u00a0normaux\u00a0\u00bb. En r\u00e9sum\u00e9, que s\u2019il divisait son salaire de 190 000 \u20ac brut mensuels par deux, il pouvait rester.\u00a0\u00bb Des propos relay\u00e9s par Butfootballclub.<\/p>\n<p><strong>Publi\u00e9 dans :<\/strong> <span>boudebouz<\/span><\/p>\n<\/div>\n<p>Auteur:<br \/>\n<a href=\"http:\/\/www.lebuteur.com\/article\/detail?titre=asse-pas-doffre-concrete-pour-boudebouz&#038;id=97365&#038;utm_source=feedburner&#038;utm_medium=feed&#038;utm_campaign=Feed%3A+GalerieFArtciles+%28Les+derniers+articles++-+lebuteur.com%29\">Cliquez ici pour lire l&rsquo;article depuis sa source.<\/a><\/p>\n","protected":false},"excerpt":{"rendered":"<p>Auteur : jeudi 24 septembre 2020 08:30 le cas Ryad Boudebouz (30 ans) pourrait faire des vagues du c\u00f4t\u00e9 de Saint-Etienne, lui qui aurait \u00e9t\u00e9 froiss\u00e9 de s\u2019entendre dire qu\u2019il devait partir par Jean-Lus Buisine cet \u00e9t\u00e9. \u00ab\u00a0Afin de calmer les esprits, Roland Romeyer l\u2019a convoqu\u00e9 dans son bureau, d\u00e9but septembre, explique le quotidien sportif. [&hellip;]<\/p>\n","protected":false},"author":1738,"featured_media":99871,"comment_status":"closed","ping_status":"closed","sticky":false,"template":"","format":"standard","meta":{"fifu_image_url":"","fifu_image_alt":"","footnotes":""},"categories":[53,75],"tags":[],"class_list":["post-99870","post","type-post","status-publish","format-standard","has-post-thumbnail","hentry","category-algerie","category-sport"],"_links":{"self":[{"href":"https:\/\/linitiative.ca\/International\/wp-json\/wp\/v2\/posts\/99870","targetHints":{"allow":["GET"]}}],"collection":[{"href":"https:\/\/linitiative.ca\/International\/wp-json\/wp\/v2\/posts"}],"about":[{"href":"https:\/\/linitiative.ca\/International\/wp-json\/wp\/v2\/types\/post"}],"author":[{"embeddable":true,"href":"https:\/\/linitiative.ca\/International\/wp-json\/wp\/v2\/users\/1738"}],"replies":[{"embeddable":true,"href":"https:\/\/linitiative.ca\/International\/wp-json\/wp\/v2\/comments?post=99870"}],"version-history":[{"count":0,"href":"https:\/\/linitiative.ca\/International\/wp-json\/wp\/v2\/posts\/99870\/revisions"}],"wp:featuredmedia":[{"embeddable":true,"href":"https:\/\/linitiative.ca\/International\/wp-json\/"}],"wp:attachment":[{"href":"https:\/\/linitiative.ca\/International\/wp-json\/wp\/v2\/media?parent=99870"}],"wp:term":[{"taxonomy":"category","embeddable":true,"href":"https:\/\/linitiative.ca\/International\/wp-json\/wp\/v2\/categories?post=99870"},{"taxonomy":"post_tag","embeddable":true,"href":"https:\/\/linitiative.ca\/International\/wp-json\/wp\/v2\/tags?post=99870"}],"curies":[{"name":"wp","href":"https:\/\/api.w.org\/{rel}","templated":true}]}}