{"id":99880,"date":"2020-09-23T20:00:00","date_gmt":"2020-09-24T00:00:00","guid":{"rendered":"https:\/\/linitiative.ca\/International\/referendum-sur-la-constitution-conseil-de-la-nation-m-goudjil-appelle-les-senateurs-a-une-participation-active\/"},"modified":"2020-09-23T20:00:00","modified_gmt":"2020-09-24T00:00:00","slug":"referendum-sur-la-constitution-conseil-de-la-nation-m-goudjil-appelle-les-senateurs-a-une-participation-active","status":"publish","type":"post","link":"https:\/\/linitiative.ca\/International\/referendum-sur-la-constitution-conseil-de-la-nation-m-goudjil-appelle-les-senateurs-a-une-participation-active\/","title":{"rendered":"R\u00e9f\u00e9rendum sur la Constitution, Conseil de la nation : M. Goudjil appelle les s\u00e9nateurs \u00e0 une participation active"},"content":{"rendered":"<p><strong>Le pr\u00e9sident par int\u00e9rim du Conseil de la nation, Salah Goudjil, a affirm\u00e9 hier que l&rsquo;Alg\u00e9rie est \u00e0 une \u00e9tape politique \u00abimportante et cruciale\u00bb avec la tenue prochainement du r\u00e9f\u00e9rendum sur la r\u00e9vision constitutionnelle, appelant les membres du Conseil \u00e0 une participation \u00abactive\u00bb \u00e0 la r\u00e9ussite de cette \u00e9ch\u00e9ance.<\/strong><\/p>\n<p>\u00abNous traversons une \u00e9tape politique cruciale. Le r\u00e9f\u00e9rendum sur la r\u00e9vision de la Constitution concerne l&rsquo;ensemble du peuple alg\u00e9rien, car elle d\u00e9finit son avenir en mati\u00e8re d&rsquo;\u00e9dification d&rsquo;un Etat et d&rsquo;une nouvelle R\u00e9publique qui ne sera pas conjoncturelle, une Alg\u00e9rie pour toutes les g\u00e9n\u00e9rations\u00bb, a d\u00e9clar\u00e9 M. Goudjil dans son allocution d&rsquo;ouverture des travaux de l&rsquo;instance de coordination \u00e9largie au contr\u00f4leur parlementaire et aux bureaux des commissions permanentes.<br \/>\u00abLe Conseil de la nation a r\u00e9pondu \u00e0 l&rsquo;appel de la patrie et approuv\u00e9 le projet de r\u00e9vision de la Constitution, apr\u00e8s avoir mobilis\u00e9 tous les moyens n\u00e9cessaires au d\u00e9bat et \u00e0 l&rsquo;expression des opinions\u00bb, a-t-il rappel\u00e9, relevant l&rsquo;importance d&rsquo;une participation \u00abactive\u00bb \u00e0 la r\u00e9ussite du r\u00e9f\u00e9rendum pr\u00e9vu le 1er novembre prochain.<br \/>A ce propos, M. Goudjil a appel\u00e9 les s\u00e9nateurs \u00e0 participer \u00abactivement\u00bb \u00e0 la r\u00e9ussite de cette \u00e9ch\u00e9ance. \u00abIl faut s&rsquo;organiser, individus et groupes, chacun dans sa wilaya et r\u00e9gion pour contribuer fortement \u00e0 la r\u00e9ussite de ce rendez-vous et permettre au peuple de s&rsquo;exprimer librement sur ce projet\u00bb.<br \/>Dans le m\u00eame cadre, il a appel\u00e9 les Alg\u00e9riens \u00e0 une forte participation au r\u00e9f\u00e9rendum et \u00e0 contribuer \u00e0 cette grande r\u00e9alisation pour faire face aux ennemis de l&rsquo;Alg\u00e9rie tant \u00e0 l&rsquo;int\u00e9rieur qu&rsquo;\u00e0 l&rsquo;ext\u00e9rieur\u00bb.<br \/>Il a affirm\u00e9 que juste apr\u00e8s le r\u00e9f\u00e9rendum sur la r\u00e9vision de la Constitution, l&rsquo;Alg\u00e9rie amorcera \u00abune \u00e9tape importante et d\u00e9cisive avec l&rsquo;organisation des \u00e9lections l\u00e9gislatives\u00bb qui seront pr\u00e9c\u00e9d\u00e9es par la soumission de la loi organique portant r\u00e9gime \u00e9lectoral au Conseil, soulignant \u00abla n\u00e9cessit\u00e9 de rompre avec les anciennes pratiques pour permettre aux repr\u00e9sentants du peuple d&rsquo;acqu\u00e9rir la l\u00e9gitimit\u00e9 n\u00e9cessaire pour le repr\u00e9senter dans la vie politique, apr\u00e8s le parach\u00e8vement de l&rsquo;\u00e9dification des institutions de l&rsquo;Etat et pour permettre au peuple de jouir de la d\u00e9mocratie effective\u00bb.<br \/>Il a propos\u00e9, dans ce sens, l&rsquo;organisation d&rsquo;une rencontre sur les collectivit\u00e9s locales, les missions de la Commune et de la wilaya, des \u00e9lus locaux et le d\u00e9coupage administratif \u00abpour formuler des propositions avant l&rsquo;adoption de la loi organique portant r\u00e9gime \u00e9lectoral, en vue de combler les lacunes\u00bb.<br \/>La r\u00e9union a \u00e9t\u00e9 ponctu\u00e9e par la distribution d&rsquo;un livre aux participants renfermant le bilan du travail du Conseil de la nation depuis avril 2019 \u00e0 septembre 2020, en insistant sur les plus importantes \u00e9tapes travers\u00e9es par l&rsquo;Alg\u00e9rie durant cette p\u00e9riode, notamment l&rsquo;organisation de la pr\u00e9sidentielle de d\u00e9cembre 2019, et l&rsquo;\u00e9laboration et le d\u00e9bat de l&rsquo;avant-projet de r\u00e9vision de la Constitution.<\/p>\n<p>Auteur: elmoudjahid<br \/>\n<a href=\"http:\/\/www.elmoudjahid.com\/fr\/actualites\/160036\">Cliquez ici pour lire l&rsquo;article depuis sa source.<\/a><\/p>\n","protected":false},"excerpt":{"rendered":"<p>Le pr\u00e9sident par int\u00e9rim du Conseil de la nation, Salah Goudjil, a affirm\u00e9 hier que l&rsquo;Alg\u00e9rie est \u00e0 une \u00e9tape politique \u00abimportante et cruciale\u00bb avec la tenue prochainement du r\u00e9f\u00e9rendum sur la r\u00e9vision constitutionnelle, appelant les membres du Conseil \u00e0 une participation \u00abactive\u00bb \u00e0 la r\u00e9ussite de cette \u00e9ch\u00e9ance. \u00abNous traversons une \u00e9tape politique cruciale. [&hellip;]<\/p>\n","protected":false},"author":1744,"featured_media":0,"comment_status":"closed","ping_status":"closed","sticky":false,"template":"","format":"standard","meta":{"fifu_image_url":"","fifu_image_alt":"","footnotes":""},"categories":[73,53],"tags":[],"class_list":["post-99880","post","type-post","status-publish","format-standard","hentry","category-actualite","category-algerie"],"_links":{"self":[{"href":"https:\/\/linitiative.ca\/International\/wp-json\/wp\/v2\/posts\/99880","targetHints":{"allow":["GET"]}}],"collection":[{"href":"https:\/\/linitiative.ca\/International\/wp-json\/wp\/v2\/posts"}],"about":[{"href":"https:\/\/linitiative.ca\/International\/wp-json\/wp\/v2\/types\/post"}],"author":[{"embeddable":true,"href":"https:\/\/linitiative.ca\/International\/wp-json\/wp\/v2\/users\/1744"}],"replies":[{"embeddable":true,"href":"https:\/\/linitiative.ca\/International\/wp-json\/wp\/v2\/comments?post=99880"}],"version-history":[{"count":0,"href":"https:\/\/linitiative.ca\/International\/wp-json\/wp\/v2\/posts\/99880\/revisions"}],"wp:attachment":[{"href":"https:\/\/linitiative.ca\/International\/wp-json\/wp\/v2\/media?parent=99880"}],"wp:term":[{"taxonomy":"category","embeddable":true,"href":"https:\/\/linitiative.ca\/International\/wp-json\/wp\/v2\/categories?post=99880"},{"taxonomy":"post_tag","embeddable":true,"href":"https:\/\/linitiative.ca\/International\/wp-json\/wp\/v2\/tags?post=99880"}],"curies":[{"name":"wp","href":"https:\/\/api.w.org\/{rel}","templated":true}]}}