{"id":99881,"date":"2020-09-23T20:00:00","date_gmt":"2020-09-24T00:00:00","guid":{"rendered":"https:\/\/linitiative.ca\/International\/anie-sensibiliser-les-citoyens\/"},"modified":"2020-09-23T20:00:00","modified_gmt":"2020-09-24T00:00:00","slug":"anie-sensibiliser-les-citoyens","status":"publish","type":"post","link":"https:\/\/linitiative.ca\/International\/anie-sensibiliser-les-citoyens\/","title":{"rendered":"ANIE   :  Sensibiliser les citoyens"},"content":{"rendered":"<div class=\"TxArtcile\" readability=\"29\">\n<p>\u00abL\u2019un des objectifs primordiaux attendus du prochain r\u00e9f\u00e9rendum constitutionnel a trait ind\u00e9niablement \u00e0 l&rsquo;optimisation de l\u2019action d\u00e9mocratique des institutions de l\u2019Etat suivant la logique d\u2019une s\u00e9paration des pouvoirs et de consolider les libert\u00e9s individuelles et collectives\u00bb, a indiqu\u00e9 Ali Dra\u00e2, le charg\u00e9 de communication de l\u2019Autorit\u00e9 ind\u00e9pendante des \u00e9lections, dans une d\u00e9claration \u00e0 El Moudjahid.<br \/>Il met en relief l\u2019importance que rev\u00eat le prochain rendez-vous et affirme que le succ\u00e8s du processus \u00e9lectoral pour la r\u00e9vision de la Constitution \u00abpropulsera l\u2019Alg\u00e9rie parmi les Etats avanc\u00e9s autant en mati\u00e8re de dynamisation du fonctionnement et du r\u00f4le des institutions pour relever le d\u00e9fi du d\u00e9veloppement et du progr\u00e8s, qu\u2019en termes de promotion des libert\u00e9s citoyennes et des droits de l\u2019individu\u00bb. Selon M. Dra\u00e2, \u00abla Constitution actuelle est d\u00e9pass\u00e9e et ne cadre plus avec les objectifs li\u00e9s \u00e0 l\u2019instauration d\u2019une nouvelle Alg\u00e9rie en totale rupture avec les pratiques du pass\u00e9 tout comme elle ne permet pas de faire face aux imp\u00e9ratifs et multiples d\u00e9fis qu\u2019imposent la conjoncture universelle. \u00abLe projet de r\u00e9vision que le pr\u00e9sident de la R\u00e9publique avait inscrit dans son programme traduit justement cette volont\u00e9 de b\u00e2tir un avenir meilleur pour les Alg\u00e9riens, et ce, en mobilisant toutes les \u00e9nergies n\u00e9cessaires pour acc\u00e9der \u00e0 des niveaux \u00e9lev\u00e9s du d\u00e9veloppement et en consolidant l\u2019ancrage de l\u2019Etat de droit, la promotion des libert\u00e9s, de la citoyennet\u00e9 et de la gestion transparentes des affaires publiques\u00bb, insiste-t-il. L\u2019ANIE ne m\u00e9nagera aucun effort pour sensibiliser les citoyens \u00e0 voter massivement le 1er novembre prochain \u00e0 l\u2019occasion du r\u00e9f\u00e9rendum constitutionnel, a-t-il insist\u00e9. \u00abLe c\u0153ur de notre mission au sein de l\u2019ANIE et de veiller \u00e0 l\u2019int\u00e9grit\u00e9 et la s\u00e9curit\u00e9 de l\u2019op\u00e9ration du vote\u00bb, a dit Ali Dra\u00e2. Au plan de la sensibilisation des citoyens sur l\u2019importance du prochain r\u00e9f\u00e9rendum, il salue les efforts consentis en ce sens par le minist\u00e8re de la Communication, pr\u00e9cisant qu\u2019il s\u2019agit l\u00e0 d\u2019une action qui b\u00e9n\u00e9ficie de tout l\u2019encouragement et du soutien voulu de la part de l\u2019ANIE. Il invite les diff\u00e9rents supports m\u00e9diatiques \u00e0 s\u2019impliquer davantage dans le succ\u00e8s du processus \u00e9lectoral en cours. Engag\u00e9 d\u00e8s la convocation du corps \u00e9lectoral par le pr\u00e9sident de la R\u00e9publique, le 15 septembre dernier, ce processus est actuellement en phase de r\u00e9vision exceptionnelle des listes \u00e9lectorales qui se poursuit au sein des 1.541 communes sous la supervision des membres de l\u2019ANIE, des \u00e9lus et d\u2019un magistrat d\u00e9sign\u00e9 par la cour de justice territorialement comp\u00e9tente. Assurant que cette op\u00e9ration de r\u00e9vision des listes \u00e9lectorales \u00e9volue dans d\u2019excellentes conditions, Ali Dra\u00e2 lance un appel \u00e0 tous les jeunes qui auront l\u2019\u00e2ge de voter \u00e0 la date du 1er novembre de se rapprocher des communes pour s\u2019inscrire sur les listes \u00e9lectorales. En pr\u00e9vision de la prochaine campagne \u00e9lectorale sur le r\u00e9f\u00e9rendum, le charg\u00e9 de communication indique que l\u2019Autorit\u00e9 est dispos\u00e9e \u00e0 coordonner ses efforts avec les organisations de la soci\u00e9t\u00e9 civile ainsi que les formations politiques qui souhaitent s\u2019impliquer dans un cadre organis\u00e9 pour le succ\u00e8s du rendez-vous du 1er novembre.<br \/>\u00a0\u00a0 \u00a0Karim Aoudia<\/p>\n<\/div>\n<div class=\"ModliArtilUne\">\n<ul>\n<li><strong>Publi\u00e9 dans :<\/strong><\/li>\n<\/ul>\n<\/div>\n<div class=\"MbComIns\" id=\"newcom\" readability=\"5.6940298507463\">\n<h6>DONNEZ VOTRE AVIS<\/h6>\n<p>Il n&rsquo;y a actuellement aucune r\u00e9action \u00e0 cette information. Soyez le premier \u00e0 r\u00e9agir !<\/p>\n<p><a href=\"\" rel=\"#popup\" class=\"login resetbutton\">Identifiez-vous<\/a><a class=\"button\" href=\"https:\/\/elmoudjahid.com\/fr\/inscription\/\"><span>S&rsquo;inscrire<\/span><\/a><\/p>\n<\/div>\n<p>Auteur: elmoudjahid<br \/>\n<a href=\"http:\/\/www.elmoudjahid.com\/fr\/actualites\/160037\">Cliquez ici pour lire l&rsquo;article depuis sa source.<\/a><\/p>\n","protected":false},"excerpt":{"rendered":"<p>\u00abL\u2019un des objectifs primordiaux attendus du prochain r\u00e9f\u00e9rendum constitutionnel a trait ind\u00e9niablement \u00e0 l&rsquo;optimisation de l\u2019action d\u00e9mocratique des institutions de l\u2019Etat suivant la logique d\u2019une s\u00e9paration des pouvoirs et de consolider les libert\u00e9s individuelles et collectives\u00bb, a indiqu\u00e9 Ali Dra\u00e2, le charg\u00e9 de communication de l\u2019Autorit\u00e9 ind\u00e9pendante des \u00e9lections, dans une d\u00e9claration \u00e0 El Moudjahid.Il [&hellip;]<\/p>\n","protected":false},"author":1744,"featured_media":0,"comment_status":"closed","ping_status":"closed","sticky":false,"template":"","format":"standard","meta":{"fifu_image_url":"","fifu_image_alt":"","footnotes":""},"categories":[73,53],"tags":[],"class_list":["post-99881","post","type-post","status-publish","format-standard","hentry","category-actualite","category-algerie"],"_links":{"self":[{"href":"https:\/\/linitiative.ca\/International\/wp-json\/wp\/v2\/posts\/99881","targetHints":{"allow":["GET"]}}],"collection":[{"href":"https:\/\/linitiative.ca\/International\/wp-json\/wp\/v2\/posts"}],"about":[{"href":"https:\/\/linitiative.ca\/International\/wp-json\/wp\/v2\/types\/post"}],"author":[{"embeddable":true,"href":"https:\/\/linitiative.ca\/International\/wp-json\/wp\/v2\/users\/1744"}],"replies":[{"embeddable":true,"href":"https:\/\/linitiative.ca\/International\/wp-json\/wp\/v2\/comments?post=99881"}],"version-history":[{"count":0,"href":"https:\/\/linitiative.ca\/International\/wp-json\/wp\/v2\/posts\/99881\/revisions"}],"wp:attachment":[{"href":"https:\/\/linitiative.ca\/International\/wp-json\/wp\/v2\/media?parent=99881"}],"wp:term":[{"taxonomy":"category","embeddable":true,"href":"https:\/\/linitiative.ca\/International\/wp-json\/wp\/v2\/categories?post=99881"},{"taxonomy":"post_tag","embeddable":true,"href":"https:\/\/linitiative.ca\/International\/wp-json\/wp\/v2\/tags?post=99881"}],"curies":[{"name":"wp","href":"https:\/\/api.w.org\/{rel}","templated":true}]}}