{"id":99883,"date":"2020-09-23T20:00:00","date_gmt":"2020-09-24T00:00:00","guid":{"rendered":"https:\/\/linitiative.ca\/International\/adrar-rencontres-de-proximite-pour-sensibiliser-au-vote\/"},"modified":"2020-09-23T20:00:00","modified_gmt":"2020-09-24T00:00:00","slug":"adrar-rencontres-de-proximite-pour-sensibiliser-au-vote","status":"publish","type":"post","link":"https:\/\/linitiative.ca\/International\/adrar-rencontres-de-proximite-pour-sensibiliser-au-vote\/","title":{"rendered":"Adrar  : Rencontres de proximit\u00e9 pour sensibiliser au vote"},"content":{"rendered":"<div class=\"TxArtcile\" readability=\"22\">\n<p>Des rencontres de proximit\u00e9 ont \u00e9t\u00e9 lanc\u00e9es hier \u00e0 travers les communes et ksour de la wilaya d&rsquo;Adrar pour expliquer le projet de r\u00e9vision constitutionnelle et sensibiliser sur l&rsquo;importance de la participation des \u00e9lecteurs au r\u00e9f\u00e9rendum pr\u00e9vu le 1er novembre prochain, ont indiqu\u00e9 hier les organisateurs. Le d\u00e9l\u00e9gu\u00e9 du m\u00e9diateur de la R\u00e9publique dans la wilaya d&rsquo;Adrar a initi\u00e9 des rencontres de proximit\u00e9 avec les acteurs de la soci\u00e9t\u00e9 civile de certaines communes pour expliquer le contenu des propositions d&rsquo;amendement de la Constitution et souligner l&rsquo;importance de la participation \u00e0 cette consultation populaire, \u00e9tape charni\u00e8re pour l&rsquo;\u00e9volution vers l&rsquo;Alg\u00e9rie nouvelle. Pour Mahmoud Djela\u00efla, \u00abla conscience de l&rsquo;accomplissement du devoir \u00e9lectoral, lors du prochain rendez-vous, est le seul garant de la traduction des attentes l\u00e9gitimes du peuple en mati\u00e8re de protection des droits et libert\u00e9s, de r\u00e9alisation de la coh\u00e9sion et de l&rsquo;unit\u00e9 nationale, du bien-\u00eatre, et du changement positif auquel aspirent tous\u00bb.<br \/>Il a mis en avant \u00e9galement l&rsquo;importance de la g\u00e9n\u00e9ralisation de cette action de sensibilisation pour toucher les autres localit\u00e9s de la wilaya, \u00e0 travers l&rsquo;intensification des rencontres de proximit\u00e9 avec le concours des repr\u00e9sentants de la d\u00e9l\u00e9gation de m\u00e9diation au niveau des communes et des associations locales.<br \/>Les animateurs de ces rencontres ont per\u00e7u, lors des premiers contacts, une forte volont\u00e9 des citoyens de contribuer \u00e0 la r\u00e9ussite du r\u00e9f\u00e9rendum sur le projet de r\u00e9vision de la Constitution, a fait savoir le responsable.<\/p>\n<\/div>\n<div class=\"ModliArtilUne\">\n<ul>\n<li><strong>Publi\u00e9 dans :<\/strong><\/li>\n<\/ul>\n<\/div>\n<div class=\"MbComIns\" id=\"newcom\" readability=\"5.6940298507463\">\n<h6>DONNEZ VOTRE AVIS<\/h6>\n<p>Il n&rsquo;y a actuellement aucune r\u00e9action \u00e0 cette information. Soyez le premier \u00e0 r\u00e9agir !<\/p>\n<p><a href=\"\" rel=\"#popup\" class=\"login resetbutton\">Identifiez-vous<\/a><a class=\"button\" href=\"https:\/\/elmoudjahid.com\/fr\/inscription\/\"><span>S&rsquo;inscrire<\/span><\/a><\/p>\n<\/div>\n<p>Auteur: elmoudjahid<br \/>\n<a href=\"http:\/\/www.elmoudjahid.com\/fr\/actualites\/160039\">Cliquez ici pour lire l&rsquo;article depuis sa source.<\/a><\/p>\n","protected":false},"excerpt":{"rendered":"<p>Des rencontres de proximit\u00e9 ont \u00e9t\u00e9 lanc\u00e9es hier \u00e0 travers les communes et ksour de la wilaya d&rsquo;Adrar pour expliquer le projet de r\u00e9vision constitutionnelle et sensibiliser sur l&rsquo;importance de la participation des \u00e9lecteurs au r\u00e9f\u00e9rendum pr\u00e9vu le 1er novembre prochain, ont indiqu\u00e9 hier les organisateurs. Le d\u00e9l\u00e9gu\u00e9 du m\u00e9diateur de la R\u00e9publique dans la [&hellip;]<\/p>\n","protected":false},"author":1744,"featured_media":0,"comment_status":"closed","ping_status":"closed","sticky":false,"template":"","format":"standard","meta":{"fifu_image_url":"","fifu_image_alt":"","footnotes":""},"categories":[73,53],"tags":[],"class_list":["post-99883","post","type-post","status-publish","format-standard","hentry","category-actualite","category-algerie"],"_links":{"self":[{"href":"https:\/\/linitiative.ca\/International\/wp-json\/wp\/v2\/posts\/99883","targetHints":{"allow":["GET"]}}],"collection":[{"href":"https:\/\/linitiative.ca\/International\/wp-json\/wp\/v2\/posts"}],"about":[{"href":"https:\/\/linitiative.ca\/International\/wp-json\/wp\/v2\/types\/post"}],"author":[{"embeddable":true,"href":"https:\/\/linitiative.ca\/International\/wp-json\/wp\/v2\/users\/1744"}],"replies":[{"embeddable":true,"href":"https:\/\/linitiative.ca\/International\/wp-json\/wp\/v2\/comments?post=99883"}],"version-history":[{"count":0,"href":"https:\/\/linitiative.ca\/International\/wp-json\/wp\/v2\/posts\/99883\/revisions"}],"wp:attachment":[{"href":"https:\/\/linitiative.ca\/International\/wp-json\/wp\/v2\/media?parent=99883"}],"wp:term":[{"taxonomy":"category","embeddable":true,"href":"https:\/\/linitiative.ca\/International\/wp-json\/wp\/v2\/categories?post=99883"},{"taxonomy":"post_tag","embeddable":true,"href":"https:\/\/linitiative.ca\/International\/wp-json\/wp\/v2\/tags?post=99883"}],"curies":[{"name":"wp","href":"https:\/\/api.w.org\/{rel}","templated":true}]}}