{"id":99884,"date":"2020-09-23T20:00:00","date_gmt":"2020-09-24T00:00:00","guid":{"rendered":"https:\/\/linitiative.ca\/International\/algerie-italie-le-comite-charge-de-delimiter-les-frontieres-maritimes-installe\/"},"modified":"2020-09-23T20:00:00","modified_gmt":"2020-09-24T00:00:00","slug":"algerie-italie-le-comite-charge-de-delimiter-les-frontieres-maritimes-installe","status":"publish","type":"post","link":"https:\/\/linitiative.ca\/International\/algerie-italie-le-comite-charge-de-delimiter-les-frontieres-maritimes-installe\/","title":{"rendered":"Alg\u00e9rie-Italie : Le comit\u00e9 charg\u00e9 de d\u00e9limiter les fronti\u00e8res maritimes install\u00e9"},"content":{"rendered":"<p><strong>Le Comit\u00e9 technique conjoint charg\u00e9 de la d\u00e9limitation des fronti\u00e8res maritimes entre l&rsquo;Alg\u00e9rie et l&rsquo;Italie, a \u00e9t\u00e9 install\u00e9 officiellement hier \u00e0 Alger, \u00e0 l&rsquo;occasion de la visite, en Alg\u00e9rie, du secr\u00e9taire d&rsquo;Etat au minist\u00e8re italien des Affaires \u00e9trang\u00e8res et de la Coop\u00e9ration internationale, Manlio Di Stefano,<\/strong><\/p>\n<p>\u00abM. Manlio Di Stefano et moi-m\u00eame venons de proc\u00e9der \u00e0 l&rsquo;installation officielle du comit\u00e9 technique conjoint charg\u00e9 de la d\u00e9limitation des fronti\u00e8res maritimes entre l&rsquo;Alg\u00e9rie et l&rsquo;Italie\u00bb, a d\u00e9clar\u00e9 le secr\u00e9taire g\u00e9n\u00e9ral du minist\u00e8re des Affaires \u00e9trang\u00e8res Chakib Rachid Kaid, \u00e0 l&rsquo;issue de l&rsquo;audience qu&rsquo;il a accord\u00e9e au secr\u00e9taire d&rsquo;Etat italien.<br \/>Ce comit\u00e9 qui, pr\u00e9sentement, en r\u00e9union-n\u00e9gociation, est \u00abappel\u00e9, \u00e0 terme, \u00e0 fixer les fronti\u00e8res maritimes entre nos deux pays, dans le prolongement des excellentes relations politiques et \u00e9conomiques qui unissent traditionnellement l&rsquo;Alg\u00e9rie et l&rsquo;Italie\u00bb, a expliqu\u00e9 M. Kaid.<br \/>Il a, \u00e0 l&rsquo;occasion, exprim\u00e9 \u00abla satisfaction du gouvernement alg\u00e9rien\u00bb pour le lancement de ce processus de n\u00e9gociation, qui est, selon lui \u00able fruit de la concertation bilat\u00e9rale r\u00e9guli\u00e8re et d\u00e9cision politique arr\u00eat\u00e9e au plus haut niveau de nos deux Etats au cours de la visite en Alg\u00e9rie du pr\u00e9sident du Conseil des ministres italien, M. Guiseppe Conte\u00bb.<br \/>Il a \u00e9galement soulign\u00e9 que cette visite de M. Di Stefano \u00abqui ne se limite pas \u00e0 la c\u00e9r\u00e9monie du lancement des n\u00e9gociations sur les fronti\u00e8res, m\u00eame si la symbolique qui s&rsquo;attache \u00e0 ce dossier est suffisamment forte et expressive du niveau de nos relations\u00bb, permet de faire le point sur l&rsquo;ensemble des dossiers de coop\u00e9ration politique et \u00e9conomique bilat\u00e9rale\u00bb<br \/>Dans ce contexte, a-t-il dit, \u00abNous avons d\u00e9j\u00e0 envisag\u00e9 les principes des \u00e9ch\u00e9ances bilat\u00e9rales de haut niveau, dont le dialogue strat\u00e9gique bilat\u00e9ral, le comit\u00e9 bilat\u00e9ral de suivi, la r\u00e9union bilat\u00e9rale de haut niveau ainsi que le Forum d&rsquo;affaires\u00bb, des dossiers lourds qui \u00abmobilisent notre attention et sur lesquels la discussion se poursuivra tout au long de la journ\u00e9e\u00bb.<br \/>Il est \u00e9galement pr\u00e9vu que le secr\u00e9taire d&rsquo;Etat puisse rencontrer d&rsquo;autres hauts responsables alg\u00e9riens pour examiner avec eux les relations bilat\u00e9rales et leurs perspectives.<br \/>De son c\u00f4t\u00e9, le secr\u00e9taire d&rsquo;Etat au minist\u00e8re italien des Affaires \u00e9trang\u00e8res a qualifi\u00e9 l&rsquo;Alg\u00e9rie de \u00abpartenaire extraordinaire\u00bb pour son pays et pour la M\u00e9diterran\u00e9e et avec lequel \u00abnous partageons d&rsquo;\u00e9normes perspectives de possibilit\u00e9s et d\u2019histoire\u00bb.<br \/>L&rsquo;Alg\u00e9rie est un pays avec lequel \u00abnous avons d&rsquo;excellents rapports aussi bien politiques que commerciaux, un pays qui contribue d&rsquo;une mani\u00e8re r\u00e9elle \u00e0 des chapitres tr\u00e8s importants pour l&rsquo;Italie comme l&rsquo;approvisionnement \u00e9nerg\u00e9tique et la gestion de la M\u00e9diterran\u00e9e en termes de s\u00e9curit\u00e9 et richesse\u00bb, a pr\u00e9cis\u00e9 M. Di Stefano.<br \/>Outre la coop\u00e9ration dans les domaines \u00e9conomique et politique, l&rsquo;Alg\u00e9rie, pour le secr\u00e9taire d&rsquo;Etat italien, est le pays avec lequel l&rsquo;Italie \u00abpartage aujourd&rsquo;hui aussi l&rsquo;effort politique pour la stabilit\u00e9 de la Libye\u00bb a-t-il dit.<br \/>Il a estim\u00e9 par ailleurs, que l&rsquo;installation aujourd&rsquo;hui du Comit\u00e9 technique est une \u00e9tape \u00abfondamentale\u00bb ajoutant que la d\u00e9limitation des zones \u00e9conomiques exclusives de la M\u00e9diterran\u00e9e \u00abne peut que passer par la concertation entre des pays voisins\u00bb.<br \/>\u00abNous partageons un espace petit mais riche et au lieu que cette mer divise elle doit plut\u00f4t unir\u00bb, a fait savoir M. Di Stefano notant que l&rsquo;Italie et l\u2019Alg\u00e9rie \u00abn&rsquo;ont besoin d&rsquo;aucun facteur d&rsquo;incompr\u00e9hension\u00bb.<\/p>\n<p>Auteur: elmoudjahid<br \/>\n<a href=\"http:\/\/www.elmoudjahid.com\/fr\/actualites\/160040\">Cliquez ici pour lire l&rsquo;article depuis sa source.<\/a><\/p>\n","protected":false},"excerpt":{"rendered":"<p>Le Comit\u00e9 technique conjoint charg\u00e9 de la d\u00e9limitation des fronti\u00e8res maritimes entre l&rsquo;Alg\u00e9rie et l&rsquo;Italie, a \u00e9t\u00e9 install\u00e9 officiellement hier \u00e0 Alger, \u00e0 l&rsquo;occasion de la visite, en Alg\u00e9rie, du secr\u00e9taire d&rsquo;Etat au minist\u00e8re italien des Affaires \u00e9trang\u00e8res et de la Coop\u00e9ration internationale, Manlio Di Stefano, \u00abM. Manlio Di Stefano et moi-m\u00eame venons de proc\u00e9der [&hellip;]<\/p>\n","protected":false},"author":1744,"featured_media":0,"comment_status":"closed","ping_status":"closed","sticky":false,"template":"","format":"standard","meta":{"fifu_image_url":"","fifu_image_alt":"","footnotes":""},"categories":[73,53],"tags":[],"class_list":["post-99884","post","type-post","status-publish","format-standard","hentry","category-actualite","category-algerie"],"_links":{"self":[{"href":"https:\/\/linitiative.ca\/International\/wp-json\/wp\/v2\/posts\/99884","targetHints":{"allow":["GET"]}}],"collection":[{"href":"https:\/\/linitiative.ca\/International\/wp-json\/wp\/v2\/posts"}],"about":[{"href":"https:\/\/linitiative.ca\/International\/wp-json\/wp\/v2\/types\/post"}],"author":[{"embeddable":true,"href":"https:\/\/linitiative.ca\/International\/wp-json\/wp\/v2\/users\/1744"}],"replies":[{"embeddable":true,"href":"https:\/\/linitiative.ca\/International\/wp-json\/wp\/v2\/comments?post=99884"}],"version-history":[{"count":0,"href":"https:\/\/linitiative.ca\/International\/wp-json\/wp\/v2\/posts\/99884\/revisions"}],"wp:attachment":[{"href":"https:\/\/linitiative.ca\/International\/wp-json\/wp\/v2\/media?parent=99884"}],"wp:term":[{"taxonomy":"category","embeddable":true,"href":"https:\/\/linitiative.ca\/International\/wp-json\/wp\/v2\/categories?post=99884"},{"taxonomy":"post_tag","embeddable":true,"href":"https:\/\/linitiative.ca\/International\/wp-json\/wp\/v2\/tags?post=99884"}],"curies":[{"name":"wp","href":"https:\/\/api.w.org\/{rel}","templated":true}]}}