{"id":99889,"date":"2020-09-24T12:22:00","date_gmt":"2020-09-24T16:22:00","guid":{"rendered":"https:\/\/linitiative.ca\/International\/la-polemique-sur-les-azlem-de-retour-une-boite-de-pandore-qui-risque-dempoisonner-le-debat-politique\/"},"modified":"2020-09-24T12:22:00","modified_gmt":"2020-09-24T16:22:00","slug":"la-polemique-sur-les-azlem-de-retour-une-boite-de-pandore-qui-risque-dempoisonner-le-debat-politique","status":"publish","type":"post","link":"https:\/\/linitiative.ca\/International\/la-polemique-sur-les-azlem-de-retour-une-boite-de-pandore-qui-risque-dempoisonner-le-debat-politique\/","title":{"rendered":"La pol\u00e9mique sur les Azlem de retour, une bo\u00eete de Pandore  qui risque d&#8217;empoisonner le d\u00e9bat politique"},"content":{"rendered":"<p>On croyait le sujet \u00e9puis\u00e9 et la page tourn\u00e9e. Mais voil\u00e0 que, \u00e0 la surprise g\u00e9n\u00e9rale, la pol\u00e9mique sur le sort des dignitaires de l&rsquo;ancien r\u00e9gime red\u00e9marre sur les chapeaux de roue. Oubli\u00e9es la crise sanitaire et son cort\u00e8ge de morts, la crise \u00e9conomique, les contestataires du Kamour.On est bien parti pour un d\u00e9bat autour de la concorde nationale et la\u00a0 place des azlem\u00a0 dans la Tunisie post-r\u00e9volution, les fameux d\u00e9bat qui avait enflamm\u00e9 le pays pendant des ann\u00e9es.<\/p>\n<p>Voil\u00e0 qu\u2019on d\u00e9cide de rouvrir la bo\u00eete de Pandore, au risque de r\u00e9veiller les fant\u00f4mes du pass\u00e9 et de tenter le diable dans un pays encore en \u00e9bullition. Le pr\u00e9sident lui-m\u00eame a d\u00fb tourner sa langue sept fois dans sa bouche avant de s\u2019y r\u00e9soudre malgr\u00e9 les risques qu\u2019il faisait courir au pays. Dans ses derni\u00e8res d\u00e9clarations, il n\u2019avait cess\u00e9 de mettre en garde contre le danger que feraient courir au pays \u00ab\u00a0des traitres\u00a0et des agents stipendi\u00e9s de l\u2019\u00e9tranger\u00a0\u00bb sans citer leur nom. Peut-\u00eatre visait-il les personnes nomm\u00e9es au cabinet du chef de Gouvernement\u00a0 dont il ne pouvait pas \u00eatre au courant de leur nomination.Du coup, on peut expliquer la violente r\u00e9action du pr\u00e9sident de la R\u00e9publique.<\/p>\n<p>En tout cas, rien ne justifie la mani\u00e8re dont le chef de Gouvernement a \u00e9t\u00e9 trait\u00e9. On a pu voir sur la cha\u00eene nationale une sc\u00e8ne humiliante pour Hichem M\u00e9chichi o\u00f9, impassible, il se faisait tancer par le pr\u00e9sident de la R\u00e9publique. Que nous sachions, on n&rsquo;est pas encore dans un r\u00e9gime pr\u00e9sidentiel ni a fortiori pr\u00e9sidentialiste. Cela ne devait pas \u00e9chapper au professeur de droit constitutionnel.<\/p>\n<p><strong>Lire aussi<\/strong><\/p>\n<p><a href=\"https:\/\/www.leaders.com.tn\/article\/30629-carthage-la-kasbah-l-affrontement-perilleux-a-desarmer-d-urgence\" target=\"_blank\" rel=\"noopener noreferrer\">Carthage \u2013 La Kasbah : l\u2019affrontement p\u00e9rilleux \u00e0 d\u00e9sarmer d\u2019urgence<\/a><\/p>\n<p><a href=\"https:\/\/www.leaders.com.tn\/article\/30628-kaies-saied-critique-les-recentes-nominations-au-cabinet-du-chef-de-gouvernement\" target=\"_blank\" rel=\"noopener noreferrer\">Ka\u00efes Sa\u00efed critique les r\u00e9centes nominations au cabinet du chef de Gouvernement<\/a><\/p>\n<p>Auteur:<br \/>\n<a href=\"https:\/\/www.leaders.com.tn\/article\/30633-la-polemique-sur-les-azlem-de-retour-une-boite-de-pandore-qui-risque-d-empoisonner-le-debat-politique\">Cliquez ici pour lire l&rsquo;article depuis sa source.<\/a><\/p>\n","protected":false},"excerpt":{"rendered":"<p>On croyait le sujet \u00e9puis\u00e9 et la page tourn\u00e9e. Mais voil\u00e0 que, \u00e0 la surprise g\u00e9n\u00e9rale, la pol\u00e9mique sur le sort des dignitaires de l&rsquo;ancien r\u00e9gime red\u00e9marre sur les chapeaux de roue. Oubli\u00e9es la crise sanitaire et son cort\u00e8ge de morts, la crise \u00e9conomique, les contestataires du Kamour.On est bien parti pour un d\u00e9bat autour [&hellip;]<\/p>\n","protected":false},"author":1772,"featured_media":0,"comment_status":"closed","ping_status":"closed","sticky":false,"template":"","format":"standard","meta":{"fifu_image_url":"","fifu_image_alt":"","footnotes":""},"categories":[73,55],"tags":[],"class_list":["post-99889","post","type-post","status-publish","format-standard","hentry","category-actualite","category-tunisie"],"_links":{"self":[{"href":"https:\/\/linitiative.ca\/International\/wp-json\/wp\/v2\/posts\/99889","targetHints":{"allow":["GET"]}}],"collection":[{"href":"https:\/\/linitiative.ca\/International\/wp-json\/wp\/v2\/posts"}],"about":[{"href":"https:\/\/linitiative.ca\/International\/wp-json\/wp\/v2\/types\/post"}],"author":[{"embeddable":true,"href":"https:\/\/linitiative.ca\/International\/wp-json\/wp\/v2\/users\/1772"}],"replies":[{"embeddable":true,"href":"https:\/\/linitiative.ca\/International\/wp-json\/wp\/v2\/comments?post=99889"}],"version-history":[{"count":0,"href":"https:\/\/linitiative.ca\/International\/wp-json\/wp\/v2\/posts\/99889\/revisions"}],"wp:attachment":[{"href":"https:\/\/linitiative.ca\/International\/wp-json\/wp\/v2\/media?parent=99889"}],"wp:term":[{"taxonomy":"category","embeddable":true,"href":"https:\/\/linitiative.ca\/International\/wp-json\/wp\/v2\/categories?post=99889"},{"taxonomy":"post_tag","embeddable":true,"href":"https:\/\/linitiative.ca\/International\/wp-json\/wp\/v2\/tags?post=99889"}],"curies":[{"name":"wp","href":"https:\/\/api.w.org\/{rel}","templated":true}]}}