{"id":99893,"date":"2020-09-24T06:00:00","date_gmt":"2020-09-24T10:00:00","guid":{"rendered":"https:\/\/linitiative.ca\/International\/agitation-pourquoi\/"},"modified":"2020-09-24T06:00:00","modified_gmt":"2020-09-24T10:00:00","slug":"agitation-pourquoi","status":"publish","type":"post","link":"https:\/\/linitiative.ca\/International\/agitation-pourquoi\/","title":{"rendered":"Agitation pourquoi ?"},"content":{"rendered":"<p>\u00c0 Tizi-Ouzou, les malades mentaux ont deux p\u00f4les d\u2019excellence pour leurs soins. L\u2019un est situ\u00e9 \u00e0 Oued-A\u00efssi et s\u2019occupe de tous les probl\u00e8mes de sant\u00e9 publique et le second, situ\u00e9 au CHU de la ville, remplit une fonction de formation et de soins. Alors pourquoi toute cette agitation pour lancer un nouveau centre et surtout \u00e0 qui profite cette derni\u00e8re ?<\/p>\n<p>Auteur:<br \/>\n<a href=\"https:\/\/www.lesoirdalgerie.com\/periscoop\/agitation-pourquoi-48645\">Cliquez ici pour lire l&rsquo;article depuis sa source.<\/a><\/p>\n","protected":false},"excerpt":{"rendered":"<p>\u00c0 Tizi-Ouzou, les malades mentaux ont deux p\u00f4les d\u2019excellence pour leurs soins. L\u2019un est situ\u00e9 \u00e0 Oued-A\u00efssi et s\u2019occupe de tous les probl\u00e8mes de sant\u00e9 publique et le second, situ\u00e9 au CHU de la ville, remplit une fonction de formation et de soins. Alors pourquoi toute cette agitation pour lancer un nouveau centre et surtout [&hellip;]<\/p>\n","protected":false},"author":1741,"featured_media":0,"comment_status":"closed","ping_status":"closed","sticky":false,"template":"","format":"standard","meta":{"fifu_image_url":"","fifu_image_alt":"","footnotes":""},"categories":[73,53],"tags":[],"class_list":["post-99893","post","type-post","status-publish","format-standard","hentry","category-actualite","category-algerie"],"_links":{"self":[{"href":"https:\/\/linitiative.ca\/International\/wp-json\/wp\/v2\/posts\/99893","targetHints":{"allow":["GET"]}}],"collection":[{"href":"https:\/\/linitiative.ca\/International\/wp-json\/wp\/v2\/posts"}],"about":[{"href":"https:\/\/linitiative.ca\/International\/wp-json\/wp\/v2\/types\/post"}],"author":[{"embeddable":true,"href":"https:\/\/linitiative.ca\/International\/wp-json\/wp\/v2\/users\/1741"}],"replies":[{"embeddable":true,"href":"https:\/\/linitiative.ca\/International\/wp-json\/wp\/v2\/comments?post=99893"}],"version-history":[{"count":0,"href":"https:\/\/linitiative.ca\/International\/wp-json\/wp\/v2\/posts\/99893\/revisions"}],"wp:attachment":[{"href":"https:\/\/linitiative.ca\/International\/wp-json\/wp\/v2\/media?parent=99893"}],"wp:term":[{"taxonomy":"category","embeddable":true,"href":"https:\/\/linitiative.ca\/International\/wp-json\/wp\/v2\/categories?post=99893"},{"taxonomy":"post_tag","embeddable":true,"href":"https:\/\/linitiative.ca\/International\/wp-json\/wp\/v2\/tags?post=99893"}],"curies":[{"name":"wp","href":"https:\/\/api.w.org\/{rel}","templated":true}]}}