{"id":99895,"date":"2020-09-24T06:00:00","date_gmt":"2020-09-24T10:00:00","guid":{"rendered":"https:\/\/linitiative.ca\/International\/covid-19-temoignage-1\/"},"modified":"2020-09-24T06:00:00","modified_gmt":"2020-09-24T10:00:00","slug":"covid-19-temoignage-1","status":"publish","type":"post","link":"https:\/\/linitiative.ca\/International\/covid-19-temoignage-1\/","title":{"rendered":"Covid-19 : t\u00e9moignage ! (1)"},"content":{"rendered":"<p class=\"c4\">Lorsque l\u2019on d\u00e9cide de t\u00e9moigner, on ne le fait pas dans le but de nuire \u00e0 quiconque, mais, surtout, pour aider ceux qui ont du mal \u00e0 adh\u00e9rer \u00e0 la notion de danger, \u00e0 mieux comprendre ce qui se passe, si l\u2019on ne saisit pas tr\u00e8s bien les cons\u00e9quences d\u2019un mal g\u00e9n\u00e9r\u00e9 par la Covid-19, par exemple. T\u00e9moigner peut s\u2019av\u00e9rer un moyen efficace d\u2019intervenir dans un d\u00e9bat circonscrit aux seuls professionnels. Sans doute pour \u00e9pargner \u00e0 l\u2019opinion publique les interpr\u00e9tations fantaisistes de pseudo-experts en tout. Quand on vous parle de bricolage en mati\u00e8re sanitaire et de r\u00e9action, au coup par coup, si r\u00e9action il y a, vous vous reposez la c\u00e9l\u00e8bre question de feu le tellement regrett\u00e9 Pr\u00e9sident Boudiaf. Une question qui n\u2019a toujours pas \u00e9t\u00e9 r\u00e9solue et n\u2019a toujours pas trouv\u00e9 de r\u00e9ponse ad\u00e9quate qui permette de mieux appr\u00e9hender le futur : \u00abO\u00f9 va l\u2019Alg\u00e9rie ?\u00bb\u00a0 Mai\u00a0 oui, o\u00f9 va-t-on comme<br \/>\u00e7a ? N\u2019ayons pas peur de nous interroger sur les lacunes accumul\u00e9es par le syst\u00e8me.\u00a0<br \/>Il n\u2019est absolument pas dans mon intention de remettre en cause la comp\u00e9tence d\u2019un corps m\u00e9dical qui fait ce qu\u2019il peut et comme il peut, avec les moyens que l\u2019on met \u00e0 sa disposition. Je me propose d\u2019y revenir prochainement parce qu\u2019il faut parler de tout, y compris des choses qui f\u00e2chent. M\u00eame si cela ne pla\u00eet pas \u00e0 tout le monde et m\u00eame si tout le monde ne partage pas une vision identique des choses.\u00a0<br \/>Ce billet n\u2019a pas vocation \u00e0 tout remettre en cause dans les efforts qui sont d\u00e9ploy\u00e9s ici et l\u00e0, \u00e0 supposer qu\u2019ils le soient r\u00e9ellement, pour garantir une meilleure prise en charge m\u00e9dicale du citoyen. Il est destin\u00e9 \u00e0 vous raconter comment, moi, qui suis pourtant qualifi\u00e9e de maniaque par les miens et qui ai respect\u00e9\u00a0 toutes les recommandations qui nous sont faites par les sp\u00e9cialistes de la question, me suis faite avoir apr\u00e8s une s\u00e9ance chez le dentiste. La suite a \u00e9t\u00e9 d\u00e9sastreuse physiquement. Je suis toujours sous traitement et pas des moindres.\u00a0 Un traitement pas \u00e0 la port\u00e9e des petites bourses. C\u2019est la raison essentielle qui me fait r\u00e9agir. J\u2019y reviendrai avec davantage de d\u00e9tails ! Heureusement que le mal n\u2019emp\u00eache pas les doigts de courir sur le clav<em><strong>ier.\u00a0<br \/>M. B.<\/strong><\/em><\/p>\n<p>Auteur:<br \/>\n<a href=\"https:\/\/www.lesoirdalgerie.com\/soit-dit-en-passant\/covid-19-temoignage-1-48643\">Cliquez ici pour lire l&rsquo;article depuis sa source.<\/a><\/p>\n","protected":false},"excerpt":{"rendered":"<p>Lorsque l\u2019on d\u00e9cide de t\u00e9moigner, on ne le fait pas dans le but de nuire \u00e0 quiconque, mais, surtout, pour aider ceux qui ont du mal \u00e0 adh\u00e9rer \u00e0 la notion de danger, \u00e0 mieux comprendre ce qui se passe, si l\u2019on ne saisit pas tr\u00e8s bien les cons\u00e9quences d\u2019un mal g\u00e9n\u00e9r\u00e9 par la Covid-19, [&hellip;]<\/p>\n","protected":false},"author":1741,"featured_media":0,"comment_status":"closed","ping_status":"closed","sticky":false,"template":"","format":"standard","meta":{"fifu_image_url":"","fifu_image_alt":"","footnotes":""},"categories":[73,53],"tags":[],"class_list":["post-99895","post","type-post","status-publish","format-standard","hentry","category-actualite","category-algerie"],"_links":{"self":[{"href":"https:\/\/linitiative.ca\/International\/wp-json\/wp\/v2\/posts\/99895","targetHints":{"allow":["GET"]}}],"collection":[{"href":"https:\/\/linitiative.ca\/International\/wp-json\/wp\/v2\/posts"}],"about":[{"href":"https:\/\/linitiative.ca\/International\/wp-json\/wp\/v2\/types\/post"}],"author":[{"embeddable":true,"href":"https:\/\/linitiative.ca\/International\/wp-json\/wp\/v2\/users\/1741"}],"replies":[{"embeddable":true,"href":"https:\/\/linitiative.ca\/International\/wp-json\/wp\/v2\/comments?post=99895"}],"version-history":[{"count":0,"href":"https:\/\/linitiative.ca\/International\/wp-json\/wp\/v2\/posts\/99895\/revisions"}],"wp:attachment":[{"href":"https:\/\/linitiative.ca\/International\/wp-json\/wp\/v2\/media?parent=99895"}],"wp:term":[{"taxonomy":"category","embeddable":true,"href":"https:\/\/linitiative.ca\/International\/wp-json\/wp\/v2\/categories?post=99895"},{"taxonomy":"post_tag","embeddable":true,"href":"https:\/\/linitiative.ca\/International\/wp-json\/wp\/v2\/tags?post=99895"}],"curies":[{"name":"wp","href":"https:\/\/api.w.org\/{rel}","templated":true}]}}