{"id":99897,"date":"2020-09-24T13:06:03","date_gmt":"2020-09-24T17:06:03","guid":{"rendered":"https:\/\/linitiative.ca\/International\/vrai-ou-fake-sur-la-covid-19-au-maroc-jeudi-24-septembre\/"},"modified":"2020-09-24T13:06:03","modified_gmt":"2020-09-24T17:06:03","slug":"vrai-ou-fake-sur-la-covid-19-au-maroc-jeudi-24-septembre","status":"publish","type":"post","link":"https:\/\/linitiative.ca\/International\/vrai-ou-fake-sur-la-covid-19-au-maroc-jeudi-24-septembre\/","title":{"rendered":"Vrai ou Fake sur la Covid-19 au Maroc, jeudi 24 septembre"},"content":{"rendered":"<p><strong>Le coronavirus, qui a contamin\u00e9 plus de 31 millions de personnes dans le monde, est \u00e0 l\u2019origine d\u2019un flot de Fake news relay\u00e9es par des sites d\u2019information et sur les r\u00e9seaux sociaux.<\/strong><\/p>\n<div class=\"c10\"\/>\n<p>\u2013 Les autorit\u00e9s locales ont lev\u00e9 mercredi soir les barrages en b\u00e9ton qui \u00e9taient \u00e9rig\u00e9s dans certains quartiers-cluster de la commune Charf-Mghougha, \u00e0 Tanger. <strong>VRAI<\/strong><\/p>\n<p>\u2013 La Direction provinciale de l\u2019Education nationale de Mekn\u00e8s, a annonc\u00e9 la fermeture de toutes les \u00e9coles de la ville apr\u00e8s le d\u00e9pistage de plusieurs \u00e9l\u00e8ves contamin\u00e9s par le coronavirus. <strong>FAKE\u00a0<\/strong><\/p>\n<p>\u2013 Un lyc\u00e9e de Settat a d\u00fb fermer ses portes et passer \u00e0 l\u2019enseignement \u00e0 distance apr\u00e8s la contamination de 3 personnes au coronavirus. <strong>VRAI<\/strong><\/p>\n<p><strong>Lire aussi |\u00a0<a href=\"https:\/\/www.challenge.ma\/blanchiment-de-capitaux-390-affaires-enregistrees-en-2019-et-2020-158066\/\" target=\"_blank\" rel=\"noreferrer noopener\">Blanchiment de capitaux\u00a0: 390 affaires enregistr\u00e9es en 2019 et 2020<\/a><\/strong><\/p>\n<p>\u2013 Les r\u00e9fugi\u00e9s au Maroc n\u2019ont pas respect\u00e9 le confinement. <strong>FAKE\u00a0<\/strong> Presque tous les r\u00e9fugi\u00e9s (99,3%) ont respect\u00e9 les mesures de confinement sanitaire, avec un respect total pour 90,4% et partiel pour 8,9%, contre 79% et 21% respectivement pour les m\u00e9nages marocains, selon le Haut-Commissariat au Plan (HCP).<\/p>\n<p>\u2013 Les autorit\u00e9s locales de Rabat ont d\u00e9cid\u00e9 d\u2019all\u00e9ger les mesures pr\u00e9ventives et sanitaires. <strong>VRAI<\/strong> Les barri\u00e8res m\u00e9talliques ont \u00e9t\u00e9 enlev\u00e9es des quartiers Takkadoum, Arrachad et El Farah.<\/p>\n<p>\u2013 L\u2019Agence nationale de la s\u00e9curit\u00e9 routi\u00e8re (NARSA), a annonc\u00e9 la suspension des services du centre d\u2019immatriculation de Marrakech \u00e0 partir de jeudi prochain. <strong>VRAI<\/strong> Cette mesure d\u2019urgence s\u2019inscrit dans le cadre des d\u00e9marches pr\u00e9ventives mises en place pour lutter contre la propagation de la pand\u00e9mie du Covid-19 et garantir la s\u00e9curit\u00e9 sanitaire des employ\u00e9s et des usagers.<\/p>\n<p><strong>Lire aussi |<a title=\"Permalink to La CGEM accueille trois nouvelles F&#xE9;d&#xE9;rations\" href=\"https:\/\/www.challenge.ma\/la-cgem-accueille-trois-nouvelles-federations-158075\/\" rel=\"bookmark\">La CGEM accueille trois nouvelles F\u00e9d\u00e9rations<\/a><\/strong><\/p>\n<p>Auteur: Hajar DARI<br \/>\n<a href=\"https:\/\/www.challenge.ma\/vrai-ou-fake-sur-la-covid-19-au-maroc-jeudi-24-septembre-158119\/\">Cliquez ici pour lire l&rsquo;article depuis sa source.<\/a><\/p>\n","protected":false},"excerpt":{"rendered":"<p>Le coronavirus, qui a contamin\u00e9 plus de 31 millions de personnes dans le monde, est \u00e0 l\u2019origine d\u2019un flot de Fake news relay\u00e9es par des sites d\u2019information et sur les r\u00e9seaux sociaux. \u2013 Les autorit\u00e9s locales ont lev\u00e9 mercredi soir les barrages en b\u00e9ton qui \u00e9taient \u00e9rig\u00e9s dans certains quartiers-cluster de la commune Charf-Mghougha, \u00e0 [&hellip;]<\/p>\n","protected":false},"author":1787,"featured_media":0,"comment_status":"closed","ping_status":"closed","sticky":false,"template":"","format":"standard","meta":{"fifu_image_url":"","fifu_image_alt":"","footnotes":""},"categories":[78,54],"tags":[],"class_list":["post-99897","post","type-post","status-publish","format-standard","hentry","category-economie","category-maroc"],"_links":{"self":[{"href":"https:\/\/linitiative.ca\/International\/wp-json\/wp\/v2\/posts\/99897","targetHints":{"allow":["GET"]}}],"collection":[{"href":"https:\/\/linitiative.ca\/International\/wp-json\/wp\/v2\/posts"}],"about":[{"href":"https:\/\/linitiative.ca\/International\/wp-json\/wp\/v2\/types\/post"}],"author":[{"embeddable":true,"href":"https:\/\/linitiative.ca\/International\/wp-json\/wp\/v2\/users\/1787"}],"replies":[{"embeddable":true,"href":"https:\/\/linitiative.ca\/International\/wp-json\/wp\/v2\/comments?post=99897"}],"version-history":[{"count":0,"href":"https:\/\/linitiative.ca\/International\/wp-json\/wp\/v2\/posts\/99897\/revisions"}],"wp:attachment":[{"href":"https:\/\/linitiative.ca\/International\/wp-json\/wp\/v2\/media?parent=99897"}],"wp:term":[{"taxonomy":"category","embeddable":true,"href":"https:\/\/linitiative.ca\/International\/wp-json\/wp\/v2\/categories?post=99897"},{"taxonomy":"post_tag","embeddable":true,"href":"https:\/\/linitiative.ca\/International\/wp-json\/wp\/v2\/tags?post=99897"}],"curies":[{"name":"wp","href":"https:\/\/api.w.org\/{rel}","templated":true}]}}