{"id":99898,"date":"2020-09-24T13:30:19","date_gmt":"2020-09-24T17:30:19","guid":{"rendered":"https:\/\/linitiative.ca\/International\/conseil-de-gouvernement-la-reorganisation-de-casablanca-finance-city-actee\/"},"modified":"2020-09-24T13:30:19","modified_gmt":"2020-09-24T17:30:19","slug":"conseil-de-gouvernement-la-reorganisation-de-casablanca-finance-city-actee","status":"publish","type":"post","link":"https:\/\/linitiative.ca\/International\/conseil-de-gouvernement-la-reorganisation-de-casablanca-finance-city-actee\/","title":{"rendered":"Conseil de gouvernement\u00a0: la r\u00e9organisation de Casablanca Finance City act\u00e9e"},"content":{"rendered":"<p><strong>R\u00e9uni en Conseil de gouvernement le 24 septembre, l\u2019Ex\u00e9cutif a approuv\u00e9 un d\u00e9cret-loi relatif \u00e0 la r\u00e9organisation de la place financi\u00e8re casablancaise Casablanca Finance city (CFC). Les d\u00e9tails.<\/strong><\/p>\n<div class=\"c10\"\/>\n<p>Un d\u00e9cret-loi relatif \u00e0 la r\u00e9organisation de la place financi\u00e8re casablancaise Casablanca Finance city (CFC) a \u00e9t\u00e9 approuv\u00e9 aujourd\u2019hui en Conseil de gouvernement. On apprend que ce d\u00e9cret-loi a \u00e9t\u00e9 pr\u00e9sent\u00e9 par le ministre de l\u2019Economie et des finances, Mohamed Bencha\u00e2boun, et qu\u2019il a \u00e9t\u00e9 \u00e9labor\u00e9 conform\u00e9ment \u00e0 la volont\u00e9 du Royaume du Maroc de faire de la ville de Casablanca un p\u00f4le financier au niveau r\u00e9gional et international, conforme aux standards internationaux.<\/p>\n<p><strong>Lire aussi|\u00a0 <a href=\"https:\/\/www.challenge.ma\/forbes-middle-east-une-marocaine-parmi-les-jeunes-innovateurs-du-moyen-orient-157996\/\">Forbes Middle East\u00a0: une marocaine parmi les jeunes innovateurs du Moyen-Orient<\/a><\/strong><\/p>\n<p>Notons que l\u2019objectif de ce d\u00e9cret-loi est de renforcer la transparence et la nature des activit\u00e9s exerc\u00e9es au sein de Casablanca Finance City et \u00e0 am\u00e9liorer l\u2019attractivit\u00e9 de ce p\u00f4le, notamment pour les entreprises \u00e9ligibles \u00e0 l\u2019obtention du statut du p\u00f4le financier de Casablanca. Rappelons que le Maroc fournit des efforts depuis plusieurs mois maintenant pour que l\u2019UE le retire de sa liste grise des pays \u00e0 r\u00e9gime fiscal jug\u00e9 dommageable par l\u2019Union Europ\u00e9enne. Dans ce sens, plusieurs mesures avaient d\u00e9j\u00e0 \u00e9t\u00e9 prises par le gouvernement dans le cadre de la Loi de finances 2020. Selon plusieurs experts, la Loi de finances 2021 devrait \u00e9galement contenir d\u2019autres mesures allant dans le m\u00eame sens.\u00a0<\/p>\n<p><strong>Lire aussi| <a href=\"https:\/\/www.challenge.ma\/blanchiment-de-capitaux-390-affaires-enregistrees-en-2019-et-2020-158066\/\">Blanchiment de capitaux\u00a0: 390 affaires enregistr\u00e9es en 2019 et 2020<\/a><\/strong><\/p>\n<p>Auteur: challenge<br \/>\n<a href=\"https:\/\/www.challenge.ma\/conseil-de-gouvernement-la-reorganisation-de-casablanca-finance-city-actee-158167\/\">Cliquez ici pour lire l&rsquo;article depuis sa source.<\/a><\/p>\n","protected":false},"excerpt":{"rendered":"<p>R\u00e9uni en Conseil de gouvernement le 24 septembre, l\u2019Ex\u00e9cutif a approuv\u00e9 un d\u00e9cret-loi relatif \u00e0 la r\u00e9organisation de la place financi\u00e8re casablancaise Casablanca Finance city (CFC). Les d\u00e9tails. Un d\u00e9cret-loi relatif \u00e0 la r\u00e9organisation de la place financi\u00e8re casablancaise Casablanca Finance city (CFC) a \u00e9t\u00e9 approuv\u00e9 aujourd\u2019hui en Conseil de gouvernement. On apprend que ce [&hellip;]<\/p>\n","protected":false},"author":1787,"featured_media":0,"comment_status":"closed","ping_status":"closed","sticky":false,"template":"","format":"standard","meta":{"fifu_image_url":"","fifu_image_alt":"","footnotes":""},"categories":[78,54],"tags":[],"class_list":["post-99898","post","type-post","status-publish","format-standard","hentry","category-economie","category-maroc"],"_links":{"self":[{"href":"https:\/\/linitiative.ca\/International\/wp-json\/wp\/v2\/posts\/99898","targetHints":{"allow":["GET"]}}],"collection":[{"href":"https:\/\/linitiative.ca\/International\/wp-json\/wp\/v2\/posts"}],"about":[{"href":"https:\/\/linitiative.ca\/International\/wp-json\/wp\/v2\/types\/post"}],"author":[{"embeddable":true,"href":"https:\/\/linitiative.ca\/International\/wp-json\/wp\/v2\/users\/1787"}],"replies":[{"embeddable":true,"href":"https:\/\/linitiative.ca\/International\/wp-json\/wp\/v2\/comments?post=99898"}],"version-history":[{"count":0,"href":"https:\/\/linitiative.ca\/International\/wp-json\/wp\/v2\/posts\/99898\/revisions"}],"wp:attachment":[{"href":"https:\/\/linitiative.ca\/International\/wp-json\/wp\/v2\/media?parent=99898"}],"wp:term":[{"taxonomy":"category","embeddable":true,"href":"https:\/\/linitiative.ca\/International\/wp-json\/wp\/v2\/categories?post=99898"},{"taxonomy":"post_tag","embeddable":true,"href":"https:\/\/linitiative.ca\/International\/wp-json\/wp\/v2\/tags?post=99898"}],"curies":[{"name":"wp","href":"https:\/\/api.w.org\/{rel}","templated":true}]}}