{"id":99919,"date":"2020-09-24T14:18:04","date_gmt":"2020-09-24T18:18:04","guid":{"rendered":"https:\/\/linitiative.ca\/International\/presidentielle-2020-on-doit-accepter-les-decisions-des-institutions-ouattara\/"},"modified":"2020-09-24T14:18:04","modified_gmt":"2020-09-24T18:18:04","slug":"presidentielle-2020-on-doit-accepter-les-decisions-des-institutions-ouattara","status":"publish","type":"post","link":"https:\/\/linitiative.ca\/International\/presidentielle-2020-on-doit-accepter-les-decisions-des-institutions-ouattara\/","title":{"rendered":"Pr\u00e9sidentielle 2020: \u00ab\u00a0on doit accepter\u00a0\u00bb les d\u00e9cisions des institutions (Ouattara)"},"content":{"rendered":"<div readability=\"32\">\n<p>Publi\u00e9 le 24.09.2020 \u00e0 19h18 par APA News<\/p>\n<\/div>\n<div readability=\"137\">\n<p>Dans un Etat d\u00e9mocratique l\u2019on doit accepter les d\u00e9cisions des institutions de la R\u00e9publique, a dit jeudi le pr\u00e9sident ivoirien Alassane Ouattara, \u00e0 cinq semaines de l\u2019\u00e9lection pr\u00e9sidentielle du 31 octobre 2020, lors d\u2019une visite d\u2019Etat \u00e0 Sinfra, dans le Centre-ouest du pays.Devant des milliers de personnes \u00e0 Sinfra, chef-lieu de d\u00e9partement dans la R\u00e9gion de la Marahou\u00e9, M. Alassane Ouattara, a au cours d\u2019un meeting, racont\u00e9 les difficult\u00e9s pour acqu\u00e9rir en 1999 son certificat de nationalit\u00e9 et \u00e9voqu\u00e9 le rejet de sa candidature \u00e0 l\u2019\u00e9lection pr\u00e9sidentielle de 2000.<\/p>\n<p>\u00ab\u00a0Je n\u2019ai rien dit, j\u2019ai attendu le temps qu\u2019il fallait pour me pr\u00e9senter aux \u00e9lections (et) c\u2019est cela la d\u00e9mocratie. Quand les institutions vous disent que vous n\u2019\u00eates pas donc \u00e9ligibles, m\u00eame si c\u2019est injuste comme c\u2019\u00e9tait mon cas on doit l\u2019accepter, parce qu\u2019il s\u2019agit des institutions de la R\u00e9publique\u00a0\u00bb, a expliqu\u00e9 M. Ouattara.<\/p>\n<p>\u00ab\u00a0Nous avons accept\u00e9 les d\u00e9cisions des institutions, donc qu\u2019 ils (les opposants) continuent leur d\u00e9sob\u00e9issance civile, nous, nous sommes au travail ici, nous travaillons pour les Ivoiriens, pour tous les Ivoiriens, sans exception\u00a0\u00bb, a-t-il lanc\u00e9.<\/p>\n<p>Le chef de l\u2019Etat ivoirien a salu\u00e9 le magistrat Epiphane Zorro, un fils de la R\u00e9gion, qui lui a d\u00e9livr\u00e9 avec courage son certificat de nationalit\u00e9. L\u2019acte \u00ab\u00a0annul\u00e9\u00a0\u00bb, avait fait l\u2019objet de recours judiciaire et conduit le jeune juge en \u00ab\u00a0exil\u00a0\u00bb au Burkina Faso puis ensuite en Belgique.<\/p>\n<p>\u00ab\u00a0Tout cela, pour rendre Alassane Ouattara in\u00e9ligible (\u2026) quand j\u2019entends ces donneurs de le\u00e7on, aujourd\u2019hui, quelle honte, c\u2019est une honte, ils ont cr\u00e9\u00e9 les probl\u00e8mes de la C\u00f4te d\u2019Ivoire \u00a0(et) sont responsables de tous \u00a0ces maux que la C\u00f4te d\u2019Ivoire a v\u00e9cus\u00a0\u00bb, a dit M. Ouattara.<\/p>\n<p>Selon lui, la C\u00f4te d\u2019Ivoire a connu des crises politico-militaires par la suite \u00ab\u00a0parce qu\u2019ils n\u2019ont pas respect\u00e9 le droit et les institutions; et voil\u00e0 que 20 ans apr\u00e8s ils recommencent les m\u00eames b\u00eatises\u00a0\u00bb.<\/p>\n<p>\u00ab\u00a0Ces gens qui n\u2019ont jamais respect\u00e9 le droit, ni la justice ont pourchass\u00e9 Epiphane, qui a d\u00fb s\u2019exiler au Burkina et en Belgique pendant des ann\u00e9es, parce que le pouvoir en place consid\u00e9rait qu\u2019il ne devait pas donner \u00e0 Alassane Ouattara son certificat de nationalit\u00e9, (car) si Alassane Ouattara \u00e9tait candidat en 2000, il serait pr\u00e9sident depuis 2000\u00a0\u00bb, a-t-il poursuivi.<\/p>\n<p>Le Conseil constitutionnel ivoirien a d\u00e9clar\u00e9 \u00e9ligibles, le 14 septembre 2020, quatre candidats sur 44 candidatures. Le pr\u00e9sident sortant a \u00e9t\u00e9 retenu ainsi que l\u2019ex-pr\u00e9sident Henri Konan Bedi\u00e9, M. Kouadio Konan Bertin \u00ab\u00a0KKB\u00a0\u00bb et Affi Nguessan, le chef du parti de Laurent Gbagbo.<\/p>\n<p>M. Gbagbo et l\u2019ex-pr\u00e9sident de l\u2019Assembl\u00e9e nationale, Guillaume Soro, condamn\u00e9s tous deux par contumace, et ce fait, \u00f4t\u00e9 du listing \u00e9lectoral selon le Code \u00e9lectoral, n\u2019ont pas \u00e9t\u00e9 retenus pour l\u2019\u00e9lection pr\u00e9sidentielle du 31 octobre 2020.<\/p>\n<p>Plusieurs figures politiques importantes ont \u00e9t\u00e9 \u00e9galement recal\u00e9es par le Conseil constitutionnel, entre autres, Toikeusse Mabri, Mamadou Koulibaly, Gnamien Konan, Marcel Amon-Tanoh.<\/p>\n<p>L\u2019opposition ivoirienne qui estime que M. Ouattara, \u00e9lu en 2010 puis r\u00e9\u00e9lu en 2015, brigue selon elle \u00e0 un \u00ab\u00a0troisi\u00e8me mandat\u00a0\u00bb contrairement aux dispositions de la Constitution, a appel\u00e9 \u00e0 la d\u00e9sob\u00e9issance civile.\u00a0<\/p>\n<p>Dans son allocution, le chef de l\u2019Etat Alassane Ouattara a laiss\u00e9 entendre qu\u2019il ne laissera pas prosp\u00e9rer le d\u00e9sordre. Le Conseil constitutionnel a tranch\u00e9 que la C\u00f4te d\u2019Ivoire est sous l\u2019\u00e8re de la troisi\u00e8me R\u00e9publique, ce qui donne carte blanche au pr\u00e9sident sortant d\u2019\u00eatre candidat.<\/p>\n<\/div>\n<p>Auteur: APA News<br \/>\n<a href=\"https:\/\/www.journalducameroun.com\/presidentielle-2020-on-doit-accepter-les-decisions-des-institutions-ouattara\/\">Cliquez ici pour lire l&rsquo;article depuis sa source.<\/a><\/p>\n","protected":false},"excerpt":{"rendered":"<p>Publi\u00e9 le 24.09.2020 \u00e0 19h18 par APA News Dans un Etat d\u00e9mocratique l\u2019on doit accepter les d\u00e9cisions des institutions de la R\u00e9publique, a dit jeudi le pr\u00e9sident ivoirien Alassane Ouattara, \u00e0 cinq semaines de l\u2019\u00e9lection pr\u00e9sidentielle du 31 octobre 2020, lors d\u2019une visite d\u2019Etat \u00e0 Sinfra, dans le Centre-ouest du pays.Devant des milliers de personnes [&hellip;]<\/p>\n","protected":false},"author":1965,"featured_media":0,"comment_status":"closed","ping_status":"closed","sticky":false,"template":"","format":"standard","meta":{"fifu_image_url":"","fifu_image_alt":"","footnotes":""},"categories":[73,82],"tags":[],"class_list":["post-99919","post","type-post","status-publish","format-standard","hentry","category-actualite","category-cameroun"],"_links":{"self":[{"href":"https:\/\/linitiative.ca\/International\/wp-json\/wp\/v2\/posts\/99919","targetHints":{"allow":["GET"]}}],"collection":[{"href":"https:\/\/linitiative.ca\/International\/wp-json\/wp\/v2\/posts"}],"about":[{"href":"https:\/\/linitiative.ca\/International\/wp-json\/wp\/v2\/types\/post"}],"author":[{"embeddable":true,"href":"https:\/\/linitiative.ca\/International\/wp-json\/wp\/v2\/users\/1965"}],"replies":[{"embeddable":true,"href":"https:\/\/linitiative.ca\/International\/wp-json\/wp\/v2\/comments?post=99919"}],"version-history":[{"count":0,"href":"https:\/\/linitiative.ca\/International\/wp-json\/wp\/v2\/posts\/99919\/revisions"}],"wp:attachment":[{"href":"https:\/\/linitiative.ca\/International\/wp-json\/wp\/v2\/media?parent=99919"}],"wp:term":[{"taxonomy":"category","embeddable":true,"href":"https:\/\/linitiative.ca\/International\/wp-json\/wp\/v2\/categories?post=99919"},{"taxonomy":"post_tag","embeddable":true,"href":"https:\/\/linitiative.ca\/International\/wp-json\/wp\/v2\/tags?post=99919"}],"curies":[{"name":"wp","href":"https:\/\/api.w.org\/{rel}","templated":true}]}}