{"id":99942,"date":"2020-09-25T13:03:20","date_gmt":"2020-09-25T17:03:20","guid":{"rendered":"https:\/\/linitiative.ca\/International\/la-rentree-culturelle-doit-etre-celebree-chaque-annee\/"},"modified":"2020-09-25T13:03:20","modified_gmt":"2020-09-25T17:03:20","slug":"la-rentree-culturelle-doit-etre-celebree-chaque-annee","status":"publish","type":"post","link":"https:\/\/linitiative.ca\/International\/la-rentree-culturelle-doit-etre-celebree-chaque-annee\/","title":{"rendered":"La rentr\u00e9e culturelle doit \u00eatre c\u00e9l\u00e9br\u00e9e chaque ann\u00e9e"},"content":{"rendered":"<div readability=\"37\">\n<p><strong>ALGER- La ministre de la Culture et des Arts, Malika Bendouda a mis l&rsquo;accent, jeudi \u00e0 Alger, sur l&rsquo;importance de la c\u00e9l\u00e9bration de la rentr\u00e9e culturelle qui doit \u00eatre une tradition annuelle accompagn\u00e9e d&rsquo;activit\u00e9s et de festivit\u00e9s culturelles diverses.<\/strong><\/p>\n<\/div>\n<div readability=\"95.305931948208\">\n<p>Lors d&rsquo;une conf\u00e9rence de presse organis\u00e9e au Palais de la Culture Moufdi Zakaria pour pr\u00e9senter les axes du programme\u00a0 de la rentr\u00e9e culturelle 2020-2021 (26 septembre-7 octobre), la ministre a soulign\u00e9 que cet \u00e9v\u00e8nement sera c\u00e9l\u00e9br\u00e9 annuellement, accompagn\u00e9 d&rsquo;activit\u00e9s culturelles diverses comprenant des \u0153uvres et innovations des jeunes pour leur permettre de se faire connaitre aupr\u00e8s du public.<\/p>\n<p>La conjoncture sanitaire a \u00e9t\u00e9 prise en compte dans l&rsquo;\u00e9laboration des activit\u00e9s du programme de la rentr\u00e9e culturelle qui a pour th\u00e8me \u00ab\u00a0Notre culture est dans notre diversit\u00e9 et notre unit\u00e9\u00a0\u00bb, a fait savoir Mme Bendouda, pr\u00e9cisant que les contenus sont diversifi\u00e9s entre art plastique, th\u00e9\u00e2tre, po\u00e9sie, litt\u00e9rature et musique outre des activit\u00e9s intellectuelles dont des communications et des conf\u00e9rences sur des th\u00e8mes philosophiques et litt\u00e9raires.<\/p>\n<p>Ce programme accorde un int\u00e9r\u00eat particulier au livre, notamment suite au report du Salon international du livre d&rsquo;Alger (SILA) face \u00e0 la persistance de la pand\u00e9mie du coronavirus. La d\u00e9cision d\u00e9finitive concernant le Salon du livre sera prise en fonction des statistiques et avis du Comit\u00e9 scientifique, a ajout\u00e9 Mme Bendouda.<\/p>\n<blockquote readability=\"7\">\n<p><strong><em>Tous les \u00e9tablissements du secteur veilleront \u00e0 faire r\u00e9ussir cet \u00e9v\u00e8nement et \u00e0 mettre un terme au gel et \u00e0 la bureaucratie, a-t-elle indiqu\u00e9.<\/em><\/strong><\/p>\n<\/blockquote>\n<p>Concernant l&rsquo;exposition d&rsquo;art plastique, elle a fait savoir que les portes des \u00e9tablissements \u00e9taient ouvertes aux innovateurs pour faire connaitre leurs \u0153uvres.<\/p>\n<p>Le programme de la rentr\u00e9e culturelle est fin pr\u00eat et s&rsquo;\u00e9tale \u00e0 toutes les wilayas avec la contribution des directions et des maisons de culture qui organiseront une rentr\u00e9e culturelle locale dans leurs wilayas.<\/p>\n<p>Le coup d&rsquo;envoi du programme de la rentr\u00e9e culturelle sera donn\u00e9 samedi par la visite de l&rsquo;exposition du pavillon Mohamed Dib au Palais de la culture, l&rsquo;exposition d&rsquo;arts plastiques et une autre exposition sur les derni\u00e8res productions du th\u00e9\u00e2tre national alg\u00e9rien (TNA) et des th\u00e9\u00e2tres r\u00e9gionaux, outre des spectacles musicaux et des pr\u00e9sentations.<\/p>\n<hr\/>\n<h3>Lire aussi:\u00a0<a href=\"http:\/\/www.aps.dz\/culture\/109870-projet-de-musee-dedie-au-costume-traditionnel\"><span class=\"highlight\">Bendouda<\/span>: projet de mus\u00e9e d\u00e9di\u00e9 au costume traditionnel<\/a><\/h3>\n<hr\/>\n<p>Le programme se poursuivra jusqu&rsquo;au 7 octobre avec des festivit\u00e9s et des conf\u00e9rences, notamment sur \u00ab\u00a0les r\u00e9alisations du th\u00e9\u00e2tre alg\u00e9rien depuis 58 ans, observations et enjeux\u00a0\u00bb.<\/p>\n<p>Dar Abdelatif abritera une exposition de l&rsquo;artiste Mohamed Mebarki, intitul\u00e9e \u00ab\u00a0L&rsquo;amour divin\u00a0\u00bb, qui compte des tableaux r\u00e9alis\u00e9s durant le confinement ainsi qu&rsquo;une exposition de photographies et d&rsquo;autres activit\u00e9s, dont une c\u00e9r\u00e9monie de remise des prix du concours national de po\u00e9sie.<\/p>\n<p>Des activit\u00e9s seront organis\u00e9es \u00e0 la biblioth\u00e8que nationale, notamment une conf\u00e9rence sur le grand \u00e9crivain Mohamed Dib ainsi qu&rsquo;une conf\u00e9rence sous le th\u00e8me \u00ab\u00a0Pour la philosophie de la culture\u00a0\u00bb, anim\u00e9e par la ministre de la culture et des arts et une conf\u00e9rence sur \u00ab\u00a0le discours philosophique en Alg\u00e9rie\u00a0\u00bb anim\u00e9e par Dr Omar Bousaha, suivie d&rsquo;une rencontre de la ministre avec les intellectuelles et les artistes.<\/p>\n<p>Parmi les autres activit\u00e9s programm\u00e9es \u00e0 la biblioth\u00e8que nationale, une rencontre nationale du R\u00e9seau des conteurs et une rencontre avec de jeunes \u00e9crivains, outre la premi\u00e8re rencontre du r\u00e9seau des clubs et caf\u00e9s litt\u00e9raires.<\/p>\n<\/div>\n<p>Auteur:<br \/>\n<a href=\"http:\/\/www.aps.dz\/culture\/110127-la-rentree-culturelle-doit-etre-celebree-chaque-annee\">Cliquez ici pour lire l&rsquo;article depuis sa source.<\/a><\/p>\n","protected":false},"excerpt":{"rendered":"<p>ALGER- La ministre de la Culture et des Arts, Malika Bendouda a mis l&rsquo;accent, jeudi \u00e0 Alger, sur l&rsquo;importance de la c\u00e9l\u00e9bration de la rentr\u00e9e culturelle qui doit \u00eatre une tradition annuelle accompagn\u00e9e d&rsquo;activit\u00e9s et de festivit\u00e9s culturelles diverses. Lors d&rsquo;une conf\u00e9rence de presse organis\u00e9e au Palais de la Culture Moufdi Zakaria pour pr\u00e9senter les [&hellip;]<\/p>\n","protected":false},"author":1790,"featured_media":0,"comment_status":"closed","ping_status":"closed","sticky":false,"template":"","format":"standard","meta":{"fifu_image_url":"","fifu_image_alt":"","footnotes":""},"categories":[53,79],"tags":[],"class_list":["post-99942","post","type-post","status-publish","format-standard","hentry","category-algerie","category-culture"],"_links":{"self":[{"href":"https:\/\/linitiative.ca\/International\/wp-json\/wp\/v2\/posts\/99942","targetHints":{"allow":["GET"]}}],"collection":[{"href":"https:\/\/linitiative.ca\/International\/wp-json\/wp\/v2\/posts"}],"about":[{"href":"https:\/\/linitiative.ca\/International\/wp-json\/wp\/v2\/types\/post"}],"author":[{"embeddable":true,"href":"https:\/\/linitiative.ca\/International\/wp-json\/wp\/v2\/users\/1790"}],"replies":[{"embeddable":true,"href":"https:\/\/linitiative.ca\/International\/wp-json\/wp\/v2\/comments?post=99942"}],"version-history":[{"count":0,"href":"https:\/\/linitiative.ca\/International\/wp-json\/wp\/v2\/posts\/99942\/revisions"}],"wp:attachment":[{"href":"https:\/\/linitiative.ca\/International\/wp-json\/wp\/v2\/media?parent=99942"}],"wp:term":[{"taxonomy":"category","embeddable":true,"href":"https:\/\/linitiative.ca\/International\/wp-json\/wp\/v2\/categories?post=99942"},{"taxonomy":"post_tag","embeddable":true,"href":"https:\/\/linitiative.ca\/International\/wp-json\/wp\/v2\/tags?post=99942"}],"curies":[{"name":"wp","href":"https:\/\/api.w.org\/{rel}","templated":true}]}}