{"id":99949,"date":"2020-09-25T11:33:21","date_gmt":"2020-09-25T15:33:21","guid":{"rendered":"https:\/\/linitiative.ca\/International\/wilaya-dalger-les-rassemblements-publics-sont-soumis-a-un-protocole-sanitaire-special\/"},"modified":"2020-09-25T11:33:21","modified_gmt":"2020-09-25T15:33:21","slug":"wilaya-dalger-les-rassemblements-publics-sont-soumis-a-un-protocole-sanitaire-special","status":"publish","type":"post","link":"https:\/\/linitiative.ca\/International\/wilaya-dalger-les-rassemblements-publics-sont-soumis-a-un-protocole-sanitaire-special\/","title":{"rendered":"Wilaya d&rsquo;Alger: les rassemblements publics sont soumis \u00e0 un protocole sanitaire sp\u00e9cial"},"content":{"rendered":"<div>\n<div class=\"K2FeedImage\"><img decoding=\"async\" src=\"http:\/\/www.aps.dz\/media\/k2\/items\/cache\/4303c2c16383ac4a58f33d23ba24092b_S.jpg\" alt=\"Wilaya d'Alger: les rassemblements publics sont soumis \u00e0 un protocole sanitaire sp\u00e9cial\"><\/div>\n<div class=\"K2FeedIntroText\">\n<p><strong>ALGER- Les services de la wilaya d&rsquo;Alger ont affirm\u00e9jeudi soir dans un communiqu\u00e9 que l&rsquo;organisation de rassemblements publics dansla conjoncture actuelle \u00e9tait soumise \u00e0 des mesures et proc\u00e9durespr\u00e9ventives relevant d&rsquo;un protocole sanitaire sp\u00e9cial garantissant la protection des participants de tout risque de contamination \u00e0 la Covid-19.<\/strong><\/p>\n<\/div>\n<div class=\"K2FeedFullText\">\n<p>Les services de la wilaya d&rsquo;Alger r\u00e9agissaient \u00e0 un communiqu\u00e9 rendupublic mercredi par le parti du Rassemblement pour la culture et lad\u00e9mocratie (RCD) \u00ab\u00a0d\u00e9non\u00e7ant l\u2019avis d\u00e9favorable \u00e9mis par les services de lawilaya au sujet de la demande d\u2019organisation d\u2019un rassemblement public pourla tenue de la session ordinaire du Conseil national, pr\u00e9vu le 25 septembre2020 \u00e0 l\u2019h\u00f4tel El Riadh \u00e0 la commune de Staoueli (circonscriptionadministrative de Z\u00e9ralda)\u00a0\u00bb.<\/p>\n<blockquote>\n<p><em><strong>\u00ab\u00a0La demande introduite par le parti pour la tenue d\u2019un rassemblementpublic a \u00e9t\u00e9 refus\u00e9e, car portant sur la participation de pr\u00e8s de 250personnes en sus des charg\u00e9s de la couverture m\u00e9diatique, au niveau d\u2019unesalle ne pouvant accueillir que 200 personnes dans le respect des mesurespr\u00e9ventives devant \u00eatre respect\u00e9es pour pr\u00e9venir la propagation de laCovid-19\u00a0\u00bb, ont indiqu\u00e9 les services de la wilaya.<\/strong><\/em><\/p>\n<\/blockquote>\n<p>Les services de la wilaya d\u2019Alger \u00ab\u00a0continuent \u00e0 recevoir et \u00e0 \u00e9tudiertoute demande de rassemblement public, \u00e0 condition de se conformer auxmesures de pr\u00e9vention n\u00e9cessaires\u00a0\u00bb, a conclu la m\u00eame source.\u00a0<\/p>\n<\/div>\n<\/div>\n<p>Auteur:<br \/>\n<a href=\"http:\/\/www.aps.dz\/regions\/110144-wilaya-d-alger-les-rassemblements-publics-sont-soumis-a-un-protocole-sanitaire-special\">Cliquez ici pour lire l&rsquo;article depuis sa source.<\/a><\/p>\n","protected":false},"excerpt":{"rendered":"<p>ALGER- Les services de la wilaya d&rsquo;Alger ont affirm\u00e9jeudi soir dans un communiqu\u00e9 que l&rsquo;organisation de rassemblements publics dansla conjoncture actuelle \u00e9tait soumise \u00e0 des mesures et proc\u00e9durespr\u00e9ventives relevant d&rsquo;un protocole sanitaire sp\u00e9cial garantissant la protection des participants de tout risque de contamination \u00e0 la Covid-19. Les services de la wilaya d&rsquo;Alger r\u00e9agissaient \u00e0 un [&hellip;]<\/p>\n","protected":false},"author":1790,"featured_media":99950,"comment_status":"closed","ping_status":"closed","sticky":false,"template":"","format":"standard","meta":{"fifu_image_url":"","fifu_image_alt":"","footnotes":""},"categories":[53,76],"tags":[],"class_list":["post-99949","post","type-post","status-publish","format-standard","has-post-thumbnail","hentry","category-algerie","category-regions"],"_links":{"self":[{"href":"https:\/\/linitiative.ca\/International\/wp-json\/wp\/v2\/posts\/99949","targetHints":{"allow":["GET"]}}],"collection":[{"href":"https:\/\/linitiative.ca\/International\/wp-json\/wp\/v2\/posts"}],"about":[{"href":"https:\/\/linitiative.ca\/International\/wp-json\/wp\/v2\/types\/post"}],"author":[{"embeddable":true,"href":"https:\/\/linitiative.ca\/International\/wp-json\/wp\/v2\/users\/1790"}],"replies":[{"embeddable":true,"href":"https:\/\/linitiative.ca\/International\/wp-json\/wp\/v2\/comments?post=99949"}],"version-history":[{"count":0,"href":"https:\/\/linitiative.ca\/International\/wp-json\/wp\/v2\/posts\/99949\/revisions"}],"wp:featuredmedia":[{"embeddable":true,"href":"https:\/\/linitiative.ca\/International\/wp-json\/"}],"wp:attachment":[{"href":"https:\/\/linitiative.ca\/International\/wp-json\/wp\/v2\/media?parent=99949"}],"wp:term":[{"taxonomy":"category","embeddable":true,"href":"https:\/\/linitiative.ca\/International\/wp-json\/wp\/v2\/categories?post=99949"},{"taxonomy":"post_tag","embeddable":true,"href":"https:\/\/linitiative.ca\/International\/wp-json\/wp\/v2\/tags?post=99949"}],"curies":[{"name":"wp","href":"https:\/\/api.w.org\/{rel}","templated":true}]}}