{"id":232,"date":"2026-02-18T03:54:52","date_gmt":"2026-02-18T02:54:52","guid":{"rendered":"https:\/\/linitiative.ca\/arabe\/2026\/02\/18\/la-ramadan-debute-a-deux-deux-dates-differentes-au-quebec-au-canada\/"},"modified":"2026-02-18T03:54:52","modified_gmt":"2026-02-18T02:54:52","slug":"la-ramadan-debute-a-deux-deux-dates-differentes-au-quebec-au-canada","status":"publish","type":"post","link":"https:\/\/linitiative.ca\/arabe\/la-ramadan-debute-a-deux-deux-dates-differentes-au-quebec-au-canada\/","title":{"rendered":"\u064a\u0628\u062f\u0623 \u0634\u0647\u0631 \u0631\u0645\u0636\u0627\u0646 \u0641\u064a \u062a\u0627\u0631\u064a\u062e\u064a\u0646 \u0645\u062e\u062a\u0644\u0641\u064a\u0646 \u0641\u064a \u0643\u064a\u0628\u064a\u0643\u060c \u0643\u0646\u062f\u0627"},"content":{"rendered":"<p>\u0628\u064a\u0646\u0645\u0627 \u064a\u0633\u062a\u0639\u062f \u0627\u0644\u0645\u0633\u0644\u0645\u0648\u0646 \u0644\u0627\u0633\u062a\u0642\u0628\u0627\u0644 \u0634\u0647\u0631 \u0631\u0645\u0636\u0627\u0646 \u0627\u0644\u0645\u0628\u0627\u0631\u0643\u060c \u0644\u0627 \u064a\u062a\u0641\u0642 \u0627\u0644\u0645\u0633\u0644\u0645\u0648\u0646 \u0641\u064a \u0643\u0646\u062f\u0627 \u0639\u0644\u0649 \u0646\u0641\u0633 \u0627\u0644\u062a\u0627\u0631\u064a\u062e.<\/p>\n<p>\u0648\u0641\u0642\u00a0<a class=\"x1i10hfl xjbqb8w x1ejq31n x18oe1m7 x1sy0etr xstzfhl x972fbf x10w94by x1qhh985 x14e42zd x9f619 x1ypdohk xt0psk2 x3ct3a4 xdj266r x14z9mp xat24cr x1lziwak xexx8yu xyri2b x18d9i69 x1c1uobl x16tdsg8 x1hl2dhg xggy1nq x1a2a7pz xkrqix3 x1sur9pj xzsf02u x1s688f\" tabindex=\"0\" role=\"link\" href=\"https:\/\/www.facebook.com\/MACNational?__cft__[0]=AZaGJgLU86pQuywHeZ_1DZhnpUBccE8CpKK1XWgA4PeyUOKS5cOsX9bltvCoMK8dLdeBva_5MYhKfWMVrSH-AJbQd92nGfEZn5eOOhibkcZKx5eWozBPzNHaLkXCyj5h5zSy220iKVeZMM_g5I8wG0vYv65PmyRIzXTp-P_Lz-yoVQ9YUY5QKjkEM8w19WpqgYFBuLGCQaMCbSdcv9NzQb3c&amp;__tn__=-]C%2CP-R\">\u0627\u0644\u0631\u0627\u0628\u0637\u0629 \u0627\u0644\u0625\u0633\u0644\u0627\u0645\u064a\u0629 \u0641\u064a \u0643\u0646\u062f\u0627\u060c<\/a> \u0633\u064a\u0628\u062f\u0623 \u0634\u0647\u0631 \u0631\u0645\u0636\u0627\u0646 \u064a\u0648\u0645 18 \u0641\u0628\u0631\u0627\u064a\u0631 2026\u060c \u0641\u064a\u0645\u0627 \u062d\u0633\u0628 <a class=\"x1i10hfl xjbqb8w x1ejq31n x18oe1m7 x1sy0etr xstzfhl x972fbf x10w94by x1qhh985 x14e42zd x9f619 x1ypdohk xt0psk2 x3ct3a4 xdj266r x14z9mp xat24cr x1lziwak xexx8yu xyri2b x18d9i69 x1c1uobl x16tdsg8 x1hl2dhg xggy1nq x1a2a7pz xkrqix3 x1sur9pj xzsf02u x1s688f\" tabindex=\"0\" role=\"link\" href=\"https:\/\/www.facebook.com\/ConseilDesImamsQuebec?__cft__[0]=AZZUTdOpDxqHzARu_v_M4TOS6d2ipEljTKUYqLKolPCe9I8fuIL7XB1utNRPC9ByuQkRteDGpEqcPmb7hE_P0H2w-v2d00hkSjs-L0cCvlrpEskxJFWII47wRm8Uwrg74X_1hAViqwvdXwwLWfU3TNHOuKxNBVYClhH5kTWg7QrsmMsx6ywPmwf-9hUrX_hHuJM&amp;__tn__=-UC%2CP-R\">\u0645\u062c\u0644\u0633 \u0627\u0644\u0623\u0626\u0645\u0629 \u0643\u064a\u0628\u064a\u0643<\/a> \u0623\u0648\u0644 \u0623\u064a\u0627\u0645 \u0634\u0647\u0631 \u0631\u0645\u0636\u0627\u0646 \u0633\u064a\u0643\u0648\u0646 19 \u0641\u0628\u0631\u0627\u064a\u0631 2026.<\/p>\n<p>\u064a\u0628\u062f\u0623 \u0641\u064a 18 \u0641\u0628\u0631\u0627\u064a\u0631<\/p><div id=\"linit-1673057548\" class=\"linit-dans-le-contenu linit-entity-placement\"><script async src=\"\/\/pagead2.googlesyndication.com\/pagead\/js\/adsbygoogle.js?client=ca-pub-8992136571741975\" crossorigin=\"anonymous\"><\/script><ins class=\"adsbygoogle\" style=\"display:inline-block;width:728px;height:90px;\" \ndata-ad-client=\"ca-pub-8992136571741975\" \ndata-ad-slot=\"1055921646\"><\/ins> \n<script> \n(adsbygoogle = window.adsbygoogle || []).push({}); \n<\/script>\n<\/div>\n<p><img loading=\"lazy\" decoding=\"async\" class=\"aligncenter wp-image-86507 size-full\" src=\"https:\/\/linitiative.ca\/wp-content\/uploads\/2026\/02\/635220520_1322780683212003_3700427504966636948_n.jpg\" alt=\"\" width=\"600\" height=\"750\" srcset=\"https:\/\/linitiative.ca\/wp-content\/uploads\/2026\/02\/635220520_1322780683212003_3700427504966636948_n.jpg 600w, https:\/\/linitiative.ca\/wp-content\/uploads\/2026\/02\/635220520_1322780683212003_3700427504966636948_n-240x300.jpg 240w\" sizes=\"auto, (max-width: 600px) 100vw, 600px\"\/><\/p>\n<p>\u064a\u0628\u062f\u0623 \u0641\u064a 19 \u0641\u0628\u0631\u0627\u064a\u0631<\/p>\n<p><img loading=\"lazy\" decoding=\"async\" class=\"aligncenter wp-image-86503 size-full\" src=\"https:\/\/linitiative.ca\/wp-content\/uploads\/2026\/02\/conseil-des-imamas-du-quebec-ramadan-2026.jpg\" alt=\"\" width=\"946\" height=\"1408\" srcset=\"https:\/\/linitiative.ca\/wp-content\/uploads\/2026\/02\/conseil-des-imamas-du-quebec-ramadan-2026.jpg 946w, https:\/\/linitiative.ca\/wp-content\/uploads\/2026\/02\/conseil-des-imamas-du-quebec-ramadan-2026-202x300.jpg 202w, https:\/\/linitiative.ca\/wp-content\/uploads\/2026\/02\/conseil-des-imamas-du-quebec-ramadan-2026-768x1143.jpg 768w\" sizes=\"auto, (max-width: 946px) 100vw, 946px\"\/><\/p>\n<h2 class=\"screen-reader-text\">\u0627\u0644\u0645\u0644\u0627\u062d\u0629 \u0627\u0644\u0645\u0627\u062f\u0629<\/h2>\n<div id=\"linit-2456335260\" class=\"linit-apres linit-entity-placement\"><script async src=\"\/\/pagead2.googlesyndication.com\/pagead\/js\/adsbygoogle.js?client=ca-pub-8992136571741975\" crossorigin=\"anonymous\"><\/script><ins class=\"adsbygoogle\" style=\"display:inline-block;width:728px;height:90px;\" \ndata-ad-client=\"ca-pub-8992136571741975\" \ndata-ad-slot=\"1055921646\"><\/ins> \n<script> \n(adsbygoogle = window.adsbygoogle || []).push({}); \n<\/script>\n<\/div>","protected":false},"excerpt":{"rendered":"<p>\u0628\u064a\u0646\u0645\u0627 \u064a\u0633\u062a\u0639\u062f \u0627\u0644\u0645\u0633\u0644\u0645\u0648\u0646 \u0644\u0627\u0633\u062a\u0642\u0628\u0627\u0644 \u0634\u0647\u0631 \u0631\u0645\u0636\u0627\u0646 \u0627\u0644\u0645\u0628\u0627\u0631\u0643\u060c \u0644\u0627 \u064a\u062a\u0641\u0642 \u0627\u0644\u0645\u0633\u0644\u0645\u0648\u0646 \u0641\u064a \u0643\u0646\u062f\u0627 \u0639\u0644\u0649 \u0646\u0641\u0633 \u0627\u0644\u062a\u0627\u0631\u064a\u062e. \u0648\u0641\u0642\u00a0\u0627\u0644\u0631\u0627\u0628\u0637\u0629 \u0627\u0644\u0625\u0633\u0644\u0627\u0645\u064a\u0629 \u0641\u064a \u0643\u0646\u062f\u0627\u060c \u0633\u064a\u0628\u062f\u0623 \u0634\u0647\u0631 \u0631\u0645\u0636\u0627\u0646 \u064a\u0648\u0645 18 \u0641\u0628\u0631\u0627\u064a\u0631 2026\u060c \u0641\u064a\u0645\u0627 \u062d\u0633\u0628 \u0645\u062c\u0644\u0633 \u0627\u0644\u0623\u0626\u0645\u0629 \u0643\u064a\u0628\u064a\u0643 \u0623\u0648\u0644 \u0623\u064a\u0627\u0645 \u0634\u0647\u0631 \u0631\u0645\u0636\u0627\u0646 \u0633\u064a\u0643\u0648\u0646 19 \u0641\u0628\u0631\u0627\u064a\u0631 2026. \u064a\u0628\u062f\u0623 \u0641\u064a 18 \u0641\u0628\u0631\u0627\u064a\u0631 \u064a\u0628\u062f\u0623 \u0641\u064a 19 \u0641\u0628\u0631\u0627\u064a\u0631 \u0627\u0644\u0645\u0644\u0627\u062d\u0629 \u0627\u0644\u0645\u0627\u062f\u0629<\/p>\n","protected":false},"author":1147,"featured_media":233,"comment_status":"closed","ping_status":"closed","sticky":false,"template":"","format":"standard","meta":{"fifu_image_url":"https:\/\/linitiative.ca\/wp-content\/uploads\/2026\/02\/635220520_1322780683212003_3700427504966636948_n.jpg","fifu_image_alt":"La ramadan d\u00e9bute \u00e0 DEUX deux dates diff\u00e9rentes au Qu\u00e9bec, au Canada","footnotes":""},"categories":[29],"tags":[],"class_list":["post-232","post","type-post","status-publish","format-standard","has-post-thumbnail","hentry","category-communaute"],"_links":{"self":[{"href":"https:\/\/linitiative.ca\/arabe\/wp-json\/wp\/v2\/posts\/232","targetHints":{"allow":["GET"]}}],"collection":[{"href":"https:\/\/linitiative.ca\/arabe\/wp-json\/wp\/v2\/posts"}],"about":[{"href":"https:\/\/linitiative.ca\/arabe\/wp-json\/wp\/v2\/types\/post"}],"author":[{"embeddable":true,"href":"https:\/\/linitiative.ca\/arabe\/wp-json\/wp\/v2\/users\/1147"}],"replies":[{"embeddable":true,"href":"https:\/\/linitiative.ca\/arabe\/wp-json\/wp\/v2\/comments?post=232"}],"version-history":[{"count":0,"href":"https:\/\/linitiative.ca\/arabe\/wp-json\/wp\/v2\/posts\/232\/revisions"}],"wp:featuredmedia":[{"embeddable":true,"href":"https:\/\/linitiative.ca\/arabe\/wp-json\/wp\/v2\/media\/233"}],"wp:attachment":[{"href":"https:\/\/linitiative.ca\/arabe\/wp-json\/wp\/v2\/media?parent=232"}],"wp:term":[{"taxonomy":"category","embeddable":true,"href":"https:\/\/linitiative.ca\/arabe\/wp-json\/wp\/v2\/categories?post=232"},{"taxonomy":"post_tag","embeddable":true,"href":"https:\/\/linitiative.ca\/arabe\/wp-json\/wp\/v2\/tags?post=232"}],"curies":[{"name":"wp","href":"https:\/\/api.w.org\/{rel}","templated":true}]}}