{"id":346,"date":"2026-03-13T03:44:05","date_gmt":"2026-03-13T02:44:05","guid":{"rendered":"https:\/\/linitiative.ca\/arabe\/2026\/03\/13\/09-mai-2026-chekha-remiti-la-reine-du-rai-spectacle-a-montreal\/"},"modified":"2026-04-14T05:20:51","modified_gmt":"2026-04-14T03:20:51","slug":"09-mai-2026-chekha-remiti-la-reine-du-rai-spectacle-a-montreal","status":"publish","type":"post","link":"https:\/\/linitiative.ca\/arabe\/09-mai-2026-chekha-remiti-la-reine-du-rai-spectacle-a-montreal\/","title":{"rendered":"9 \u0645\u0627\u064a\u0648 2026. \u0627\u0644\u0634\u064a\u062e\u0629 \u0627\u0644\u0631\u0645\u064a\u062a\u064a \u0645\u0644\u0643\u0629 \u0627\u0644\u0631\u0627\u064a (\u0639\u0631\u0636 \u0641\u064a \u0645\u0648\u0646\u062a\u0631\u064a\u0627\u0644)"},"content":{"rendered":"<p>9 \u0645\u0627\u064a\u0648 2026. \u0627\u0644\u0634\u064a\u062e\u0629 \u0627\u0644\u0631\u0645\u064a\u062a\u064a \u0645\u0644\u0643\u0629 \u0627\u0644\u0631\u0627\u064a (\u0639\u0631\u0636 \u0641\u064a \u0645\u0648\u0646\u062a\u0631\u064a\u0627\u0644) \u2013 \u0627\u0644\u0645\u0628\u0627\u062f\u0631\u0629 \u0627\u0644\u0635\u062d\u064a\u0641\u0629 \u0627\u0644\u0645\u0631\u062c\u0639\u064a\u0629 \u0627\u0644\u0627\u0642\u062a\u0635\u0627\u062f\u064a\u0629 \u0648\u0627\u0644\u062b\u0642\u0627\u0641\u064a\u0629 \u0648\u0627\u0644\u0627\u062c\u062a\u0645\u0627\u0639\u064a\u0629 \u0641\u064a \u0645\u0648\u0646\u062a\u0631\u064a\u0627\u0644 \u0648\u0643\u064a\u0628\u064a\u0643<\/p>\n<p><a class=\"skip-link screen-reader-text\" href=\"#content\">\u0627\u0646\u062a\u0642\u0644 \u0625\u0644\u0649 \u0627\u0644\u0645\u062d\u062a\u0648\u0649<\/a><\/p>\n<p><img loading=\"lazy\" decoding=\"async\" class=\"aligncenter wp-image-86715 size-full\" src=\"https:\/\/linitiative.ca\/wp-content\/uploads\/2026\/03\/cheikha-remitti-la-reine-du-rai-gosbat-music-montreal-6-mai-2026.jpg\" sizes=\"auto, (max-width: 600px) 100vw, 600px\" srcset=\"https:\/\/linitiative.ca\/wp-content\/uploads\/2026\/03\/cheikha-remitti-la-reine-du-rai-gosbat-music-montreal-6-mai-2026.jpg 600w, https:\/\/linitiative.ca\/wp-content\/uploads\/2026\/03\/cheikha-remitti-la-reine-du-rai-gosbat-music-montreal-6-mai-2026.jpg.-Chekha-Remiti-la-Reine-du-Rai-240x300.jpg 240w\" alt=\"\" width=\"600\" height=\"750\" \/><\/p>\n<p>En cette soir\u00e9e m\u00e9morable, nous vous invitons \u00e0 voyager avec nous dans le monde imaginaire de Cheikha Remitti, port\u00e9 par deux voix prometteuses de la sc\u00e8ne montr\u00e9alaise, celles de Youba Adjrad, Amine TGV ainsi que la DJ Wassila qui va nous faire danser au rythme du Ra\u00ef \u00e0 100%. Ces artistes se r\u00e9unissent afin de rendre hommage \u00e0 la reine du Ra\u00ef feu Cheikha Remitti.<\/p><div id=\"linit-992025011\" class=\"linit-dans-le-contenu linit-entity-placement\"><script async src=\"\/\/pagead2.googlesyndication.com\/pagead\/js\/adsbygoogle.js?client=ca-pub-8992136571741975\" crossorigin=\"anonymous\"><\/script><ins class=\"adsbygoogle\" style=\"display:inline-block;width:728px;height:90px;\" \ndata-ad-client=\"ca-pub-8992136571741975\" \ndata-ad-slot=\"1055921646\"><\/ins> \n<script> \n(adsbygoogle = window.adsbygoogle || []).push({}); \n<\/script>\n<\/div>\n<div id=\"linit-2270096439\" class=\"linit-apres linit-entity-placement\"><script async src=\"\/\/pagead2.googlesyndication.com\/pagead\/js\/adsbygoogle.js?client=ca-pub-8992136571741975\" crossorigin=\"anonymous\"><\/script><ins class=\"adsbygoogle\" style=\"display:inline-block;width:728px;height:90px;\" \ndata-ad-client=\"ca-pub-8992136571741975\" \ndata-ad-slot=\"1055921646\"><\/ins> \n<script> \n(adsbygoogle = window.adsbygoogle || []).push({}); \n<\/script>\n<\/div>","protected":false},"excerpt":{"rendered":"<p>9 \u0645\u0627\u064a\u0648 2026. \u0627\u0644\u0634\u064a\u062e\u0629 \u0627\u0644\u0631\u0645\u064a\u062a\u064a \u0645\u0644\u0643\u0629 \u0627\u0644\u0631\u0627\u064a (\u0639\u0631\u0636 \u0641\u064a \u0645\u0648\u0646\u062a\u0631\u064a\u0627\u0644) \u2013 \u0627\u0644\u0645\u0628\u0627\u062f\u0631\u0629 \u0627\u0644\u0635\u062d\u064a\u0641\u0629 \u0627\u0644\u0645\u0631\u062c\u0639\u064a\u0629 \u0627\u0644\u0627\u0642\u062a\u0635\u0627\u062f\u064a\u0629 \u0648\u0627\u0644\u062b\u0642\u0627\u0641\u064a\u0629 \u0648\u0627\u0644\u0627\u062c\u062a\u0645\u0627\u0639\u064a\u0629 \u0641\u064a \u0645\u0648\u0646\u062a\u0631\u064a\u0627\u0644 \u0648\u0643\u064a\u0628\u064a\u0643 \u0627\u0646\u062a\u0642\u0644 \u0625\u0644\u0649 \u0627\u0644\u0645\u062d\u062a\u0648\u0649 En cette soir\u00e9e m\u00e9morable, nous vous invitons \u00e0 voyager avec nous dans le monde imaginaire de Cheikha Remitti, port\u00e9 par deux voix prometteuses de la sc\u00e8ne montr\u00e9alaise, celles de Youba Adjrad, Amine [&hellip;]<\/p>\n","protected":false},"author":1147,"featured_media":347,"comment_status":"closed","ping_status":"closed","sticky":false,"template":"","format":"standard","meta":{"fifu_image_url":"https:\/\/linitiative.ca\/wp-content\/uploads\/2026\/03\/cheikha-remitti-la-reine-du-rai-gosbat-music-montreal-6-mai-2026.jpg","fifu_image_alt":"09 mai 2026. Chekha Remiti la Reine du Rai (Spectacle \u00e0 Montr\u00e9al)","footnotes":""},"categories":[11],"tags":[],"class_list":["post-346","post","type-post","status-publish","format-standard","has-post-thumbnail","hentry","category-evenements"],"_links":{"self":[{"href":"https:\/\/linitiative.ca\/arabe\/wp-json\/wp\/v2\/posts\/346","targetHints":{"allow":["GET"]}}],"collection":[{"href":"https:\/\/linitiative.ca\/arabe\/wp-json\/wp\/v2\/posts"}],"about":[{"href":"https:\/\/linitiative.ca\/arabe\/wp-json\/wp\/v2\/types\/post"}],"author":[{"embeddable":true,"href":"https:\/\/linitiative.ca\/arabe\/wp-json\/wp\/v2\/users\/1147"}],"replies":[{"embeddable":true,"href":"https:\/\/linitiative.ca\/arabe\/wp-json\/wp\/v2\/comments?post=346"}],"version-history":[{"count":4,"href":"https:\/\/linitiative.ca\/arabe\/wp-json\/wp\/v2\/posts\/346\/revisions"}],"predecessor-version":[{"id":447,"href":"https:\/\/linitiative.ca\/arabe\/wp-json\/wp\/v2\/posts\/346\/revisions\/447"}],"wp:featuredmedia":[{"embeddable":true,"href":"https:\/\/linitiative.ca\/arabe\/wp-json\/wp\/v2\/media\/347"}],"wp:attachment":[{"href":"https:\/\/linitiative.ca\/arabe\/wp-json\/wp\/v2\/media?parent=346"}],"wp:term":[{"taxonomy":"category","embeddable":true,"href":"https:\/\/linitiative.ca\/arabe\/wp-json\/wp\/v2\/categories?post=346"},{"taxonomy":"post_tag","embeddable":true,"href":"https:\/\/linitiative.ca\/arabe\/wp-json\/wp\/v2\/tags?post=346"}],"curies":[{"name":"wp","href":"https:\/\/api.w.org\/{rel}","templated":true}]}}