{"id":115,"date":"2026-02-16T05:33:51","date_gmt":"2026-02-16T04:33:51","guid":{"rendered":"https:\/\/linitiative.ca\/english\/musee-de-la-civilisation-lordre-national-40-ans-a-faire-rayonner-lexcellence-quebecoise\/"},"modified":"2026-02-16T05:33:51","modified_gmt":"2026-02-16T04:33:51","slug":"musee-de-la-civilisation-lordre-national-40-ans-a-faire-rayonner-lexcellence-quebecoise","status":"publish","type":"post","link":"https:\/\/linitiative.ca\/english\/musee-de-la-civilisation-lordre-national-40-ans-a-faire-rayonner-lexcellence-quebecoise\/","title":{"rendered":"Museum of Civilization. THE NATIONAL ORDER, 40 YEARS OF SHOWING QUEBEC EXCELLENCE"},"content":{"rendered":"<p><a href=\"https:\/\/linitiative.ca\/?attachment_id=86474\"><img decoding=\"async\" src=\"https:\/\/linitiative.ca\/wp-content\/uploads\/2026\/02\/Ordre-national-Musee-de-la-civilisation.jpg\" alt=\"\" width=\"640px\" height=\"426px\" class=\"alignnone size-large wp-image-86474\" srcset=\"https:\/\/linitiative.ca\/wp-content\/uploads\/2026\/02\/Ordre-national-Musee-de-la-civilisation.jpg 800w, https:\/\/linitiative.ca\/wp-content\/uploads\/2026\/02\/Ordre-national-Musee-de-la-civilisation-300x200.jpg 300w, https:\/\/linitiative.ca\/wp-content\/uploads\/2026\/02\/Ordre-national-Musee-de-la-civilisation-768x512.jpg 768w\" sizes=\"(max-width: 800px) 100vw, 800px\"\/><\/a><\/p>\n<p>What do R\u00e9gine Laurent, Dany Laferri\u00e8re, Kim Th\u00fay, Beno\u00eet Huot, Monique Giroux and Sylvie Bernier have in common? Not only are they all members of the National Order of Quebec, but they are also at the heart of the showcase-exhibition Honor to the People of Quebec, designed and produced by the Museum of Civilization in partnership with the National Order of Quebec, to highlight the forty years of this apolitical institution, a symbol of collective pride.<\/p>\n<p>Each year, inspiring personalities are decorated with one of three ranks: knight, knight, officer, and grand officer. \u201cHonor to the people of Quebec\u201d is the motto of the National Order, the highest distinction awarded by the State in the name of the people to members of Quebec society who have greatly contributed to its advancement and notoriety. It was in 1985 that the first ceremony to award badges to exceptional personalities took place. Since then, more than 1,200 people have been honored, making history for their exceptional achievements, showcasing Quebec talents and nourishing our collective pride.<\/p>\n<p>Until October 18, 2026, the public can learn everything there is to know about the National Order, discover its symbols, but also several new objects testifying to journeys that have contributed to shaping the modern history of Quebec through extraordinary achievements, and this for free.<\/p><div id=\"linit-1298562860\" class=\"linit-dans-le-contenu linit-entity-placement\"><script async src=\"\/\/pagead2.googlesyndication.com\/pagead\/js\/adsbygoogle.js?client=ca-pub-8992136571741975\" crossorigin=\"anonymous\"><\/script><ins class=\"adsbygoogle\" style=\"display:block;\" data-ad-client=\"ca-pub-8992136571741975\" \ndata-ad-slot=\"1055921646\" \ndata-ad-format=\"auto\"><\/ins>\n<script> \n(adsbygoogle = window.adsbygoogle || []).push({}); \n<\/script>\n<\/div>\n<p>Among the objects and stories to discover, we find in particular a precious children&rsquo;s bracelet worn by Kim Th\u00fay upon his arrival in Quebec in 1979, the academic sword of Dany Laferri\u00e8re, a premonitory drawing made by Monique Giroux at the age of four, or even a gold medal won by the athlete Beno\u00eet Huot at the Athens Paralympic Games in 2004. You can also admire the prestigious Golden Book of the National Order, which collects testimonies and autographs from members named at each distinction ceremony, in addition to numerous other objects, documents and interviews.<\/p>\n<p>\u201cThis showcase-exhibition allows us to discover an institution that belongs to us all. It is in the name of the people that these honors are awarded, this gesture contributing to writing the history of Quebec through its talents and successes, with shared recognition and pride. Through touching and evocative objects, life journeys that have contributed to the advancement of society as a whole are revealed. The Museum of Civilization is proud to highlight this institution and its members, whose action is unifying and inspiring.\u2009\u00bb \u2013 Julie Lemieux, general director, Mus\u00e9e de la civilization<\/p>\n<p>\u201cThe National Order of Quebec is above all the strength of exceptional women and men who, in all fields, have left their mark on our society with achievements that advance our history. This showcase-exhibition perfectly captures this spirit by highlighting the symbols, heritage and inspiring journeys of remarkable Quebecers. I am proud to discover it today and I enthusiastically salute the work of all those who made it possible. I hope that the public will feel the same pride and emotion as I do when visiting it.\u2009\u00bb \u2013 Claudine Roy, C.Q., president of the Council of the National Order of Quebec<\/p>\n<p>The showcase exhibition was unveiled yesterday, November 19, in Quebec, in the presence of the President of the Council of the Order, Claudine Roy, C.Q., the General Director of the Mus\u00e9e de la civilization, Julie Lemieux, the Director of the Order, Sandrine Gibert, several members of the Order and numerous guests. Six members of the Order presented their exhibits, namely Sylvie Bernier, C.Q., Beno\u00eet Huot, C.Q., Dany Laferri\u00e8re, O.Q., R\u00e9gine Laurent, O.Q., France L\u00e9gar\u00e9, C.Q., and Jean-Claude Poitras, O.Q.<\/p>\n<div id=\"linit-4002165594\" class=\"linit-apres-contenu linit-entity-placement\"><script async src=\"\/\/pagead2.googlesyndication.com\/pagead\/js\/adsbygoogle.js?client=ca-pub-8992136571741975\" crossorigin=\"anonymous\"><\/script><ins class=\"adsbygoogle\" style=\"display:block;\" data-ad-client=\"ca-pub-8992136571741975\" \ndata-ad-slot=\"1055921646\" \ndata-ad-format=\"auto\"><\/ins>\n<script> \n(adsbygoogle = window.adsbygoogle || []).push({}); \n<\/script>\n<\/div>","protected":false},"excerpt":{"rendered":"<p>What do R\u00e9gine Laurent, Dany Laferri\u00e8re, Kim Th\u00fay, Beno\u00eet Huot, Monique Giroux and Sylvie Bernier have in common? Not only are they all members of the National Order of Quebec, but they are also at the heart of the showcase-exhibition Honor to the People of Quebec, designed and produced by the Museum of Civilization in [&hellip;]<\/p>\n","protected":false},"author":1,"featured_media":116,"comment_status":"closed","ping_status":"closed","sticky":false,"template":"","format":"standard","meta":{"fifu_image_url":"https:\/\/linitiative.ca\/wp-content\/uploads\/2026\/02\/Ordre-national-Musee-de-la-civilisation.jpg","fifu_image_alt":"Mus\u00e9e de la civilisation. L\u2019ORDRE NATIONAL, 40 ANS \u00c0 FAIRE RAYONNER L\u2019EXCELLENCE QU\u00c9B\u00c9COISE","footnotes":""},"categories":[6],"tags":[],"class_list":["post-115","post","type-post","status-publish","format-standard","has-post-thumbnail","hentry","category-communiques"],"_links":{"self":[{"href":"https:\/\/linitiative.ca\/english\/wp-json\/wp\/v2\/posts\/115","targetHints":{"allow":["GET"]}}],"collection":[{"href":"https:\/\/linitiative.ca\/english\/wp-json\/wp\/v2\/posts"}],"about":[{"href":"https:\/\/linitiative.ca\/english\/wp-json\/wp\/v2\/types\/post"}],"author":[{"embeddable":true,"href":"https:\/\/linitiative.ca\/english\/wp-json\/wp\/v2\/users\/1"}],"replies":[{"embeddable":true,"href":"https:\/\/linitiative.ca\/english\/wp-json\/wp\/v2\/comments?post=115"}],"version-history":[{"count":0,"href":"https:\/\/linitiative.ca\/english\/wp-json\/wp\/v2\/posts\/115\/revisions"}],"wp:featuredmedia":[{"embeddable":true,"href":"https:\/\/linitiative.ca\/english\/wp-json\/wp\/v2\/media\/116"}],"wp:attachment":[{"href":"https:\/\/linitiative.ca\/english\/wp-json\/wp\/v2\/media?parent=115"}],"wp:term":[{"taxonomy":"category","embeddable":true,"href":"https:\/\/linitiative.ca\/english\/wp-json\/wp\/v2\/categories?post=115"},{"taxonomy":"post_tag","embeddable":true,"href":"https:\/\/linitiative.ca\/english\/wp-json\/wp\/v2\/tags?post=115"}],"curies":[{"name":"wp","href":"https:\/\/api.w.org\/{rel}","templated":true}]}}