{"id":124,"date":"2026-02-17T05:10:08","date_gmt":"2026-02-17T04:10:08","guid":{"rendered":"https:\/\/linitiative.ca\/english\/selon-des-chercheurs-le-quotient-intellectuel-moyen-aurait-diminue-en-occident-au-cours-des-dernieres-annees\/"},"modified":"2026-02-17T05:10:08","modified_gmt":"2026-02-17T04:10:08","slug":"selon-des-chercheurs-le-quotient-intellectuel-moyen-aurait-diminue-en-occident-au-cours-des-dernieres-annees","status":"publish","type":"post","link":"https:\/\/linitiative.ca\/english\/selon-des-chercheurs-le-quotient-intellectuel-moyen-aurait-diminue-en-occident-au-cours-des-dernieres-annees\/","title":{"rendered":"According to researchers, the average intelligence quotient has declined in the West in recent years"},"content":{"rendered":"<p><img loading=\"lazy\" decoding=\"async\" class=\"aligncenter wp-image-86485 size-full\" src=\"https:\/\/linitiative.ca\/wp-content\/uploads\/2026\/02\/qi-mondial-baisse-phenomene-confirme-par-recentes-etudes-couv.jpg\" alt=\"\" width=\"800\" height=\"450\" srcset=\"https:\/\/linitiative.ca\/wp-content\/uploads\/2026\/02\/qi-mondial-baisse-phenomene-confirme-par-recentes-etudes-couv.jpg 800w, https:\/\/linitiative.ca\/wp-content\/uploads\/2026\/02\/qi-mondial-baisse-phenomene-confirme-par-recentes-etudes-couv-300x169.jpg 300w, https:\/\/linitiative.ca\/wp-content\/uploads\/2026\/02\/qi-mondial-baisse-phenomene-confirme-par-recentes-etudes-couv-768x432.jpg 768w\" sizes=\"auto, (max-width: 800px) 100vw, 800px\"\/><\/p>\n<p>Over the last decade, several researchers have observed a worrying phenomenon: a slight decline in the average intelligence quotient (IQ) in certain Western countries, including Canada. This reversal, sometimes associated with the end of the \u201cFlynn effect\u201d \u2013 this gradual increase in IQ scores observed throughout the 20th century \u2013 raises important questions about the evolution of cognitive abilities within the population.\u00a0<\/p>\n<h2>Organizations and ministries corroborate this data<\/h2>\n<p>Data compiled by organizations like Statistics Canada, combined with various university studies, do not necessarily demonstrate a spectacular decline in intelligence, but rather a decline in certain indicators related to reasoning, abstract problem solving and working memory. Experts, however, urge caution: IQ measures specific skills in a given context and does not reflect all forms of intelligence, particularly social, creative or emotional.<\/p>\n<h2>Several elements could be involved<\/h2>\n<p>Several hypotheses are put forward to explain this trend. The omnipresence of screens and the rapid consumption of digital content could influence attention and the ability to sustain concentration. Other researchers point to environmental factors, such as the quality of food, exposure to certain pollutants or even socioeconomic inequalities which affect cognitive development from childhood.<\/p><div id=\"linit-2899107223\" class=\"linit-dans-le-contenu linit-entity-placement\"><script async src=\"\/\/pagead2.googlesyndication.com\/pagead\/js\/adsbygoogle.js?client=ca-pub-8992136571741975\" crossorigin=\"anonymous\"><\/script><ins class=\"adsbygoogle\" style=\"display:block;\" data-ad-client=\"ca-pub-8992136571741975\" \ndata-ad-slot=\"1055921646\" \ndata-ad-format=\"auto\"><\/ins>\n<script> \n(adsbygoogle = window.adsbygoogle || []).push({}); \n<\/script>\n<\/div>\n<p>The education system is also at the heart of the debate. Some specialists believe that teaching methods must adapt to a constantly evolving technological reality, in order to further stimulate critical thinking and analytical skills.<\/p>\n<h2>Transformations to be better understood<\/h2>\n<p>Despite these findings, several experts point out that there is no reason to give in to alarmism. Societies evolve, and the forms of intelligence valued also change. The challenge for public decision-makers will be to better understand these transformations and invest in policies that promote the overall development of younger generations.\u00a0<\/p>\n<p>Martine Dallaire<\/p>\n<h2 class=\"screen-reader-text\">Article navigation<\/h2>\n<div id=\"linit-4254946457\" class=\"linit-apres-contenu linit-entity-placement\"><script async src=\"\/\/pagead2.googlesyndication.com\/pagead\/js\/adsbygoogle.js?client=ca-pub-8992136571741975\" crossorigin=\"anonymous\"><\/script><ins class=\"adsbygoogle\" style=\"display:block;\" data-ad-client=\"ca-pub-8992136571741975\" \ndata-ad-slot=\"1055921646\" \ndata-ad-format=\"auto\"><\/ins>\n<script> \n(adsbygoogle = window.adsbygoogle || []).push({}); \n<\/script>\n<\/div>","protected":false},"excerpt":{"rendered":"<p>Over the last decade, several researchers have observed a worrying phenomenon: a slight decline in the average intelligence quotient (IQ) in certain Western countries, including Canada. This reversal, sometimes associated with the end of the \u201cFlynn effect\u201d \u2013 this gradual increase in IQ scores observed throughout the 20th century \u2013 raises important questions about the [&hellip;]<\/p>\n","protected":false},"author":1,"featured_media":125,"comment_status":"closed","ping_status":"closed","sticky":false,"template":"","format":"standard","meta":{"fifu_image_url":"https:\/\/linitiative.ca\/wp-content\/uploads\/2026\/02\/qi-mondial-baisse-phenomene-confirme-par-recentes-etudes-couv.jpg","fifu_image_alt":"Selon des chercheurs, le quotient intellectuel moyen aurait diminu\u00e9 en Occident au cours des derni\u00e8res ann\u00e9es","footnotes":""},"categories":[17],"tags":[],"class_list":["post-124","post","type-post","status-publish","format-standard","has-post-thumbnail","hentry","category-education"],"_links":{"self":[{"href":"https:\/\/linitiative.ca\/english\/wp-json\/wp\/v2\/posts\/124","targetHints":{"allow":["GET"]}}],"collection":[{"href":"https:\/\/linitiative.ca\/english\/wp-json\/wp\/v2\/posts"}],"about":[{"href":"https:\/\/linitiative.ca\/english\/wp-json\/wp\/v2\/types\/post"}],"author":[{"embeddable":true,"href":"https:\/\/linitiative.ca\/english\/wp-json\/wp\/v2\/users\/1"}],"replies":[{"embeddable":true,"href":"https:\/\/linitiative.ca\/english\/wp-json\/wp\/v2\/comments?post=124"}],"version-history":[{"count":0,"href":"https:\/\/linitiative.ca\/english\/wp-json\/wp\/v2\/posts\/124\/revisions"}],"wp:featuredmedia":[{"embeddable":true,"href":"https:\/\/linitiative.ca\/english\/wp-json\/wp\/v2\/media\/125"}],"wp:attachment":[{"href":"https:\/\/linitiative.ca\/english\/wp-json\/wp\/v2\/media?parent=124"}],"wp:term":[{"taxonomy":"category","embeddable":true,"href":"https:\/\/linitiative.ca\/english\/wp-json\/wp\/v2\/categories?post=124"},{"taxonomy":"post_tag","embeddable":true,"href":"https:\/\/linitiative.ca\/english\/wp-json\/wp\/v2\/tags?post=124"}],"curies":[{"name":"wp","href":"https:\/\/api.w.org\/{rel}","templated":true}]}}