{"id":136,"date":"2026-02-18T05:06:34","date_gmt":"2026-02-18T04:06:34","guid":{"rendered":"https:\/\/linitiative.ca\/english\/la-ramadan-debute-a-deux-deux-dates-differentes-au-quebec-au-canada\/"},"modified":"2026-02-18T05:06:34","modified_gmt":"2026-02-18T04:06:34","slug":"la-ramadan-debute-a-deux-deux-dates-differentes-au-quebec-au-canada","status":"publish","type":"post","link":"https:\/\/linitiative.ca\/english\/la-ramadan-debute-a-deux-deux-dates-differentes-au-quebec-au-canada\/","title":{"rendered":"Ramadan begins on TWO different dates in Quebec, Canada"},"content":{"rendered":"<p>As Muslims prepare to welcome the holy month of Ramadan, Muslims in Canada do not agree on the same date.<\/p>\n<p>According to\u00a0<a class=\"x1i10hfl xjbqb8w x1ejq31n x18oe1m7 x1sy0etr xstzfhl x972fbf x10w94by x1qhh985 x14e42zd x9f619 x1ypdohk xt0psk2 x3ct3a4 xdj266r x14z9mp xat24cr x1lziwak xexx8yu xyri2b x18d9i69 x1c1uobl x16tdsg8 x1hl2dhg xggy1nq x1a2a7pz xkrqix3 x1sur9pj xzsf02u x1s688f\" tabindex=\"0\" role=\"link\" href=\"https:\/\/www.facebook.com\/MACNational?__cft__[0]=AZaGJgLU86pQuywHeZ_1DZhnpUBccE8CpKK1XWgA4PeyUOKS5cOsX9bltvCoMK8dLdeBva_5MYhKfWMVrSH-AJbQd92nGfEZn5eOOhibkcZKx5eWozBPzNHaLkXCyj5h5zSy220iKVeZMM_g5I8wG0vYv65PmyRIzXTp-P_Lz-yoVQ9YUY5QKjkEM8w19WpqgYFBuLGCQaMCbSdcv9NzQb3c&amp;__tn__=-]C%2CP-R\">Muslim Association of Canada,<\/a> the month of Ramadan will begin on February 18, 2026, while according to the <a class=\"x1i10hfl xjbqb8w x1ejq31n x18oe1m7 x1sy0etr xstzfhl x972fbf x10w94by x1qhh985 x14e42zd x9f619 x1ypdohk xt0psk2 x3ct3a4 xdj266r x14z9mp xat24cr x1lziwak xexx8yu xyri2b x18d9i69 x1c1uobl x16tdsg8 x1hl2dhg xggy1nq x1a2a7pz xkrqix3 x1sur9pj xzsf02u x1s688f\" tabindex=\"0\" role=\"link\" href=\"https:\/\/www.facebook.com\/ConseilDesImamsQuebec?__cft__[0]=AZZUTdOpDxqHzARu_v_M4TOS6d2ipEljTKUYqLKolPCe9I8fuIL7XB1utNRPC9ByuQkRteDGpEqcPmb7hE_P0H2w-v2d00hkSjs-L0cCvlrpEskxJFWII47wRm8Uwrg74X_1hAViqwvdXwwLWfU3TNHOuKxNBVYClhH5kTWg7QrsmMsx6ywPmwf-9hUrX_hHuJM&amp;__tn__=-UC%2CP-R\">Council of Imams Quebec<\/a> The first day of Ramadan will be February 19, 2026.<\/p>\n<p>Starts February 18<\/p><div id=\"linit-3423734298\" class=\"linit-dans-le-contenu linit-entity-placement\"><script async src=\"\/\/pagead2.googlesyndication.com\/pagead\/js\/adsbygoogle.js?client=ca-pub-8992136571741975\" crossorigin=\"anonymous\"><\/script><ins class=\"adsbygoogle\" style=\"display:block;\" data-ad-client=\"ca-pub-8992136571741975\" \ndata-ad-slot=\"1055921646\" \ndata-ad-format=\"auto\"><\/ins>\n<script> \n(adsbygoogle = window.adsbygoogle || []).push({}); \n<\/script>\n<\/div>\n<p><img loading=\"lazy\" decoding=\"async\" class=\"aligncenter wp-image-86507 size-full\" src=\"https:\/\/linitiative.ca\/wp-content\/uploads\/2026\/02\/635220520_1322780683212003_3700427504966636948_n.jpg\" alt=\"\" width=\"600\" height=\"750\" srcset=\"https:\/\/linitiative.ca\/wp-content\/uploads\/2026\/02\/635220520_1322780683212003_3700427504966636948_n.jpg 600w, https:\/\/linitiative.ca\/wp-content\/uploads\/2026\/02\/635220520_1322780683212003_3700427504966636948_n-240x300.jpg 240w\" sizes=\"auto, (max-width: 600px) 100vw, 600px\"\/><\/p>\n<p>Starts February 19<\/p>\n<p><img loading=\"lazy\" decoding=\"async\" class=\"aligncenter wp-image-86503 size-full\" src=\"https:\/\/linitiative.ca\/wp-content\/uploads\/2026\/02\/conseil-des-imamas-du-quebec-ramadan-2026.jpg\" alt=\"\" width=\"946\" height=\"1408\" srcset=\"https:\/\/linitiative.ca\/wp-content\/uploads\/2026\/02\/conseil-des-imamas-du-quebec-ramadan-2026.jpg 946w, https:\/\/linitiative.ca\/wp-content\/uploads\/2026\/02\/conseil-des-imamas-du-quebec-ramadan-2026-202x300.jpg 202w, https:\/\/linitiative.ca\/wp-content\/uploads\/2026\/02\/conseil-des-imamas-du-quebec-ramadan-2026-768x1143.jpg 768w\" sizes=\"auto, (max-width: 946px) 100vw, 946px\"\/><\/p>\n<h2 class=\"screen-reader-text\">Article navigation<\/h2>\n<div id=\"linit-216395260\" class=\"linit-apres-contenu linit-entity-placement\"><script async src=\"\/\/pagead2.googlesyndication.com\/pagead\/js\/adsbygoogle.js?client=ca-pub-8992136571741975\" crossorigin=\"anonymous\"><\/script><ins class=\"adsbygoogle\" style=\"display:block;\" data-ad-client=\"ca-pub-8992136571741975\" \ndata-ad-slot=\"1055921646\" \ndata-ad-format=\"auto\"><\/ins>\n<script> \n(adsbygoogle = window.adsbygoogle || []).push({}); \n<\/script>\n<\/div>","protected":false},"excerpt":{"rendered":"<p>As Muslims prepare to welcome the holy month of Ramadan, Muslims in Canada do not agree on the same date. According to\u00a0Muslim Association of Canada, the month of Ramadan will begin on February 18, 2026, while according to the Council of Imams Quebec The first day of Ramadan will be February 19, 2026. Starts February [&hellip;]<\/p>\n","protected":false},"author":1,"featured_media":137,"comment_status":"closed","ping_status":"closed","sticky":false,"template":"","format":"standard","meta":{"fifu_image_url":"https:\/\/linitiative.ca\/wp-content\/uploads\/2026\/02\/635220520_1322780683212003_3700427504966636948_n.jpg","fifu_image_alt":"La ramadan d\u00e9bute \u00e0 DEUX deux dates diff\u00e9rentes au Qu\u00e9bec, au Canada","footnotes":""},"categories":[16],"tags":[],"class_list":["post-136","post","type-post","status-publish","format-standard","has-post-thumbnail","hentry","category-communaute"],"_links":{"self":[{"href":"https:\/\/linitiative.ca\/english\/wp-json\/wp\/v2\/posts\/136","targetHints":{"allow":["GET"]}}],"collection":[{"href":"https:\/\/linitiative.ca\/english\/wp-json\/wp\/v2\/posts"}],"about":[{"href":"https:\/\/linitiative.ca\/english\/wp-json\/wp\/v2\/types\/post"}],"author":[{"embeddable":true,"href":"https:\/\/linitiative.ca\/english\/wp-json\/wp\/v2\/users\/1"}],"replies":[{"embeddable":true,"href":"https:\/\/linitiative.ca\/english\/wp-json\/wp\/v2\/comments?post=136"}],"version-history":[{"count":0,"href":"https:\/\/linitiative.ca\/english\/wp-json\/wp\/v2\/posts\/136\/revisions"}],"wp:featuredmedia":[{"embeddable":true,"href":"https:\/\/linitiative.ca\/english\/wp-json\/wp\/v2\/media\/137"}],"wp:attachment":[{"href":"https:\/\/linitiative.ca\/english\/wp-json\/wp\/v2\/media?parent=136"}],"wp:term":[{"taxonomy":"category","embeddable":true,"href":"https:\/\/linitiative.ca\/english\/wp-json\/wp\/v2\/categories?post=136"},{"taxonomy":"post_tag","embeddable":true,"href":"https:\/\/linitiative.ca\/english\/wp-json\/wp\/v2\/tags?post=136"}],"curies":[{"name":"wp","href":"https:\/\/api.w.org\/{rel}","templated":true}]}}