{"id":235,"date":"2026-03-11T05:25:05","date_gmt":"2026-03-11T04:25:05","guid":{"rendered":"https:\/\/linitiative.ca\/english\/pccq-courts-metrages-balados-projections-publiques-et-projet-pilote-dans-les-ecoles-secondaires\/"},"modified":"2026-03-11T05:25:05","modified_gmt":"2026-03-11T04:25:05","slug":"pccq-courts-metrages-balados-projections-publiques-et-projet-pilote-dans-les-ecoles-secondaires","status":"publish","type":"post","link":"https:\/\/linitiative.ca\/english\/pccq-courts-metrages-balados-projections-publiques-et-projet-pilote-dans-les-ecoles-secondaires\/","title":{"rendered":"PCCQ \u2013 Short films: Podcasts, public screenings and pilot project in secondary schools"},"content":{"rendered":"<p><a href=\"https:\/\/linitiative.ca\/?attachment_id=86711\"><img decoding=\"async\" src=\"https:\/\/linitiative.ca\/wp-content\/uploads\/2026\/03\/Prix-collegial-du-cinema-quebecois-.jpg\" alt=\"\" width=\"640px\" height=\"232px\" class=\"alignnone size-large wp-image-86711\" srcset=\"https:\/\/linitiative.ca\/wp-content\/uploads\/2026\/03\/Prix-collegial-du-cinema-quebecois-.jpg 659w, https:\/\/linitiative.ca\/wp-content\/uploads\/2026\/03\/Prix-collegial-du-cinema-quebecois--300x109.jpg 300w\" sizes=\"(max-width: 659px) 100vw, 659px\"\/><\/a><\/p>\n<p>The Prix collegiale du cin\u00e9ma qu\u00e9b\u00e9cois (PCCQ) is pleased to offer, for the first time, a series of podcasts filmed with the filmmakers of the short films finalists from its 15th edition, in the company of a guest from their creative team. Produced in collaboration with Plein(s) \u00c9cran(s), these discussions are led by Ariane Roy-Poirier, general and artistic director of the organization, as well as a member of the organizing committee for the short film component of the PCCQ. Each meeting brings together two artists around a short film in the running. Caroline Monnet will discuss with lighting designer Lucie Bazzo about Pidikwe. The writer-director duo Jean-S\u00e9bastien Hamel and Alexandra Myotte will tackle What We Leave Behind. Axel Robin will be in conversation with F\u00e9lix Bouffard-Dumas, who edited My Memory Walls. Juan Frank Hernandez will talk with screenwriter Vincent Labelle about Platanero, while Le Punk de Natashquan will bring together filmmaker Nicolas Lachapelle and producer \u00c9lodie Pollet. The five episodes will be available from March 10 on the CISM website, on the Plein(s) \u00c9cran(s) YouTube channel and on the PCCQ digital platforms. To allow moviegoers to see or rewatch the finalist short films on the big screen, special screenings with guests will take place in Montreal and Quebec. The public is invited on Wednesday, March 11 at 8 p.m. to the Cin\u00e9math\u00e8que qu\u00e9b\u00e9coise and Thursday, March 26 at 7 p.m. at the Beaumont Cinema. These two events are part of a cycle of screenings featuring the works of the PCCQ 2026.<\/p>\n<p>A PILOT PROJECT IN SECONDARY SCHOOLS A big new feature this year: the PCCQ short film program is also presented to groups of students from five secondary schools. The participating establishments are the Roberval Academy (Montreal), the Robert-Gravel secondary school (Montreal), the La Source secondary school (Rouyn), St-Patrick\u2019s High School (Quebec) and the Polyvalente Beno\u00eet-Vachon (Sainte-Marie-de-Beauce). This initiative offers students the unique opportunity to discover the PCCQ experience from a younger age! Remember that the national deliberations will be held on Friday, March 27 at the DoubleTree Montreal Hotel. The announcement of the winning works will be made on Saturday March 28 at noon at the Cheval Blanc, during the Caf\u00e9 Cin\u00e9ma which brings together the students, the winners of the previous edition and Micheline Lanct\u00f4t, godmother of the PCCQ.<\/p>\n<div id=\"linit-478908663\" class=\"linit-apres-contenu linit-entity-placement\"><script async src=\"\/\/pagead2.googlesyndication.com\/pagead\/js\/adsbygoogle.js?client=ca-pub-8992136571741975\" crossorigin=\"anonymous\"><\/script><ins class=\"adsbygoogle\" style=\"display:block;\" data-ad-client=\"ca-pub-8992136571741975\" \ndata-ad-slot=\"1055921646\" \ndata-ad-format=\"auto\"><\/ins>\n<script> \n(adsbygoogle = window.adsbygoogle || []).push({}); \n<\/script>\n<\/div>","protected":false},"excerpt":{"rendered":"<p>The Prix collegiale du cin\u00e9ma qu\u00e9b\u00e9cois (PCCQ) is pleased to offer, for the first time, a series of podcasts filmed with the filmmakers of the short films finalists from its 15th edition, in the company of a guest from their creative team. Produced in collaboration with Plein(s) \u00c9cran(s), these discussions are led by Ariane Roy-Poirier, [&hellip;]<\/p>\n","protected":false},"author":1,"featured_media":236,"comment_status":"closed","ping_status":"closed","sticky":false,"template":"","format":"standard","meta":{"fifu_image_url":"https:\/\/linitiative.ca\/wp-content\/uploads\/2026\/03\/Prix-collegial-du-cinema-quebecois-.jpg","fifu_image_alt":"PCCQ \u2013 Courts m\u00e9trages : Balados, projections publiques et projet pilote dans les \u00e9coles secondaires","footnotes":""},"categories":[6],"tags":[],"class_list":["post-235","post","type-post","status-publish","format-standard","has-post-thumbnail","hentry","category-communiques"],"_links":{"self":[{"href":"https:\/\/linitiative.ca\/english\/wp-json\/wp\/v2\/posts\/235","targetHints":{"allow":["GET"]}}],"collection":[{"href":"https:\/\/linitiative.ca\/english\/wp-json\/wp\/v2\/posts"}],"about":[{"href":"https:\/\/linitiative.ca\/english\/wp-json\/wp\/v2\/types\/post"}],"author":[{"embeddable":true,"href":"https:\/\/linitiative.ca\/english\/wp-json\/wp\/v2\/users\/1"}],"replies":[{"embeddable":true,"href":"https:\/\/linitiative.ca\/english\/wp-json\/wp\/v2\/comments?post=235"}],"version-history":[{"count":0,"href":"https:\/\/linitiative.ca\/english\/wp-json\/wp\/v2\/posts\/235\/revisions"}],"wp:featuredmedia":[{"embeddable":true,"href":"https:\/\/linitiative.ca\/english\/wp-json\/wp\/v2\/media\/236"}],"wp:attachment":[{"href":"https:\/\/linitiative.ca\/english\/wp-json\/wp\/v2\/media?parent=235"}],"wp:term":[{"taxonomy":"category","embeddable":true,"href":"https:\/\/linitiative.ca\/english\/wp-json\/wp\/v2\/categories?post=235"},{"taxonomy":"post_tag","embeddable":true,"href":"https:\/\/linitiative.ca\/english\/wp-json\/wp\/v2\/tags?post=235"}],"curies":[{"name":"wp","href":"https:\/\/api.w.org\/{rel}","templated":true}]}}