{"id":260,"date":"2026-03-18T05:01:37","date_gmt":"2026-03-18T04:01:37","guid":{"rendered":"https:\/\/linitiative.ca\/english\/voeux-des-elus-federaux-a-loccasion-de-laid-el-fitr-2026\/"},"modified":"2026-03-18T05:01:37","modified_gmt":"2026-03-18T04:01:37","slug":"voeux-des-elus-federaux-a-loccasion-de-laid-el-fitr-2026","status":"publish","type":"post","link":"https:\/\/linitiative.ca\/english\/voeux-des-elus-federaux-a-loccasion-de-laid-el-fitr-2026\/","title":{"rendered":"Wishes from Federal elected officials on the occasion of Eid El Fitr 2026"},"content":{"rendered":"<p>Wishes from Federal elected officials on the occasion of Eid El Fitr 2026 \u2013 The initiative The economic, cultural and social reference newspaper in Montreal and Quebec<\/p>\n<p><a class=\"skip-link screen-reader-text\" href=\"#content\">Skip to content<\/a><\/p>\n<p><img loading=\"lazy\" decoding=\"async\" class=\"aligncenter wp-image-86745 size-full\" src=\"https:\/\/linitiative.ca\/wp-content\/uploads\/2026\/03\/voeux-deputes-federaux-AID-el-fitr-2026.jpg\" alt=\"\" width=\"600\" height=\"761\" srcset=\"https:\/\/linitiative.ca\/wp-content\/uploads\/2026\/03\/voeux-deputes-federaux-AID-el-fitr-2026.jpg 600w, https:\/\/linitiative.ca\/wp-content\/uploads\/2026\/03\/voeux-deputes-federaux-AID-el-fitr-2026-237x300.jpg 237w\" sizes=\"auto, (max-width: 600px) 100vw, 600px\"\/><\/p>\n<h2 class=\"screen-reader-text\">Article navigation<\/h2>\n<p><h4>Related articles<\/h4>\n<\/p>\n<p><h4>News<\/h4><\/p>\n<div id=\"linit-698327995\" class=\"linit-apres-contenu linit-entity-placement\"><script async src=\"\/\/pagead2.googlesyndication.com\/pagead\/js\/adsbygoogle.js?client=ca-pub-8992136571741975\" crossorigin=\"anonymous\"><\/script><ins class=\"adsbygoogle\" style=\"display:block;\" data-ad-client=\"ca-pub-8992136571741975\" \ndata-ad-slot=\"1055921646\" \ndata-ad-format=\"auto\"><\/ins>\n<script> \n(adsbygoogle = window.adsbygoogle || []).push({}); \n<\/script>\n<\/div>","protected":false},"excerpt":{"rendered":"<p>Wishes from Federal elected officials on the occasion of Eid El Fitr 2026 \u2013 The initiative The economic, cultural and social reference newspaper in Montreal and Quebec Skip to content Article navigation Related articles News<\/p>\n","protected":false},"author":1,"featured_media":261,"comment_status":"closed","ping_status":"closed","sticky":false,"template":"","format":"standard","meta":{"fifu_image_url":"https:\/\/linitiative.ca\/wp-content\/uploads\/2026\/03\/voeux-deputes-federaux-AID-el-fitr-2026.jpg","fifu_image_alt":"V\u0153ux des \u00e9lus F\u00e9d\u00e9raux \u00e0 l\u2019occasion de L\u2019A\u00efd El Fitr 2026","footnotes":""},"categories":[16],"tags":[],"class_list":["post-260","post","type-post","status-publish","format-standard","has-post-thumbnail","hentry","category-communaute"],"_links":{"self":[{"href":"https:\/\/linitiative.ca\/english\/wp-json\/wp\/v2\/posts\/260","targetHints":{"allow":["GET"]}}],"collection":[{"href":"https:\/\/linitiative.ca\/english\/wp-json\/wp\/v2\/posts"}],"about":[{"href":"https:\/\/linitiative.ca\/english\/wp-json\/wp\/v2\/types\/post"}],"author":[{"embeddable":true,"href":"https:\/\/linitiative.ca\/english\/wp-json\/wp\/v2\/users\/1"}],"replies":[{"embeddable":true,"href":"https:\/\/linitiative.ca\/english\/wp-json\/wp\/v2\/comments?post=260"}],"version-history":[{"count":0,"href":"https:\/\/linitiative.ca\/english\/wp-json\/wp\/v2\/posts\/260\/revisions"}],"wp:featuredmedia":[{"embeddable":true,"href":"https:\/\/linitiative.ca\/english\/wp-json\/wp\/v2\/media\/261"}],"wp:attachment":[{"href":"https:\/\/linitiative.ca\/english\/wp-json\/wp\/v2\/media?parent=260"}],"wp:term":[{"taxonomy":"category","embeddable":true,"href":"https:\/\/linitiative.ca\/english\/wp-json\/wp\/v2\/categories?post=260"},{"taxonomy":"post_tag","embeddable":true,"href":"https:\/\/linitiative.ca\/english\/wp-json\/wp\/v2\/tags?post=260"}],"curies":[{"name":"wp","href":"https:\/\/api.w.org\/{rel}","templated":true}]}}