{"id":280,"date":"2026-03-12T18:40:03","date_gmt":"2026-03-12T17:40:03","guid":{"rendered":"https:\/\/linitiative.ca\/english\/?p=280"},"modified":"2026-03-20T19:42:46","modified_gmt":"2026-03-20T18:42:46","slug":"faits-saillants-du-ca-vsp-affirme-sa-vision-durable-avec-des-reglements-harmonises-un-projet-de-serre-consolide-et-du-soutien-au-milieu-commercial","status":"publish","type":"post","link":"https:\/\/linitiative.ca\/english\/faits-saillants-du-ca-vsp-affirme-sa-vision-durable-avec-des-reglements-harmonises-un-projet-de-serre-consolide-et-du-soutien-au-milieu-commercial\/","title":{"rendered":"Faits saillants du CA : VSP affirme sa vision durable avec des r\u00e8glements harmonis\u00e9s, un projet de serre consolid\u00e9 et du soutien au milieu commercial"},"content":{"rendered":"<p>Lors de la derni\u00e8re s\u00e9ance du conseil d\u2019arrondissement de Villeray\u2013Saint-Michel\u2013Parc-Extension, les\u00a0membres du conseil\u00a0ont\u00a0adopt\u00e9 cinq projets de r\u00e8glements\u00a0visant \u00e0 harmoniser la r\u00e9glementation locale avec le Plan d\u2019urbanisme et de mobilit\u00e9 2050 de la Ville de Montr\u00e9al. Ils ont \u00e9galement\u00a0offert\u00a0au conseil municipal de prendre en charge\u00a0la r\u00e9alisation du projet de serre institutionnelle et communautaire au parc Fr\u00e9d\u00e9ric-Back\u00a0et\u00a0ont accord\u00e9\u00a0un financement\u00a0\u00e0 la Soci\u00e9t\u00e9 de d\u00e9veloppement commercial\u00a0du\u00a0Quartier Villeray\u00a0pour une\u00a0nouvelle\u00a0ann\u00e9e\u00a0de collaboration.<\/p>\n<p>\u00ab\u00a0Avec les nouvelles serres du\u00a0parc Fr\u00e9d\u00e9ric\u2011Back, dont\u00a01\u202f500 m\u00b2 consacr\u00e9s \u00e0 la recherche et 1\u202f000 m\u00b2 \u00e0 la culture communautaire,\u00a0nous bonifions\u00a0une partie de ce\u00a0site\u00a0en moteur d\u2019innovation, de s\u00e9curit\u00e9 alimentaire et de\u00a0transition socio-\u00e9cologique. Ce projet, comme les autres men\u00e9s par notre arrondissement, s\u2019inscrit dans notre vision\u00a0de\u00a0b\u00e2tir des quartiers complets, solidaires et dynamiques, o\u00f9 chaque\u00a0initiative\u00a0contribue \u00e0 am\u00e9liorer\u00a0la qualit\u00e9 de vie de toutes et tous\u00a0\u00bb, a d\u00e9clar\u00e9 Jean Fran\u00e7ois Lalonde, maire de l\u2019arrondissement de Villeray\u2013Saint-Michel\u2013Parc-Extension.<\/p>\n<h2><strong>Des r\u00e8glements d\u2019urbanisme harmonis\u00e9s avec le PUM 2050<\/strong><\/h2>\n<p>VSP met \u00e0 jour sa r\u00e9glementation d\u2019urbanisme afin de se conformer au Plan d\u2019urbanisme et de mobilit\u00e9 (PUM) 2050, adopt\u00e9\u00a0en juin 2025\u00a0par la Ville de\u00a0Montr\u00e9al.\u00a0Cette d\u00e9marche obligatoire de concordance vise \u00e0 assurer le respect des objectifs du PUM ainsi qu\u2019une coh\u00e9rence des interventions sur le territoire en mati\u00e8re d\u2019am\u00e9nagement et de mobilit\u00e9 durable. La mise \u00e0 jour se d\u00e9roulera en deux phases. La premi\u00e8re \u00e9tape, en cours d\u2019adoption, porte sur la r\u00e9vision de la r\u00e9glementation discr\u00e9tionnaire, qui permet d\u2019autoriser des projets \u00e0 partir d\u2019objectifs et de crit\u00e8res qualitatifs.\u00a0Sont vis\u00e9s : le R\u00e8glement sur les plans d&rsquo;implantation et d&rsquo;int\u00e9gration architecturale (PIIA), le R\u00e8glement sur les projets particuliers de construction, de modification ou d&rsquo;occupation d&rsquo;un immeuble (PPCMOI), ainsi que les r\u00e8glements sur les usages conditionnels, les d\u00e9molitions et le zonage.\u00a0La seconde phase, pr\u00e9vue pour la fin 2026 et 2027, consistera en une r\u00e9\u00e9criture du r\u00e8glement de zonage.<\/p><div id=\"linit-1745490874\" class=\"linit-dans-le-contenu linit-entity-placement\"><script async src=\"\/\/pagead2.googlesyndication.com\/pagead\/js\/adsbygoogle.js?client=ca-pub-8992136571741975\" crossorigin=\"anonymous\"><\/script><ins class=\"adsbygoogle\" style=\"display:block;\" data-ad-client=\"ca-pub-8992136571741975\" \ndata-ad-slot=\"1055921646\" \ndata-ad-format=\"auto\"><\/ins>\n<script> \n(adsbygoogle = window.adsbygoogle || []).push({}); \n<\/script>\n<\/div>\n<p>Les principales modifications concernent notamment la protection du patrimoine, la pr\u00e9servation des vues vers des rep\u00e8res embl\u00e9matiques tels que le mont Royal, l\u2019ajout de nouvelles exigences li\u00e9es \u00e0 la performance environnementale des projets, la r\u00e9utilisation des mat\u00e9riaux lors des d\u00e9molitions et l\u2019encadrement de certains usages associ\u00e9s \u00e0 l\u2019instabilit\u00e9 r\u00e9sidentielle. Les changements faciliteront \u00e9galement la construction de logements sociaux ou hors march\u00e9 gr\u00e2ce \u00e0 un assouplissement des r\u00e8gles entourant les d\u00e9molitions.<\/p>\n<p>Pour en savoir plus sur ces ajustements r\u00e9glementaires, les citoyennes et citoyens\u00a0de VSP sont invit\u00e9s \u00e0 participer \u00e0 l\u2019assembl\u00e9e publique\u00a0qui se tiendra le\u00a018 mars 2026, de 18 h \u00e0 20 h, au 405,\u00a0avenue Ogilvy. L\u2019Arrondissement vise l\u2019adoption finale des r\u00e8glements au conseil du 7 avril 2026.<\/p>\n<h2><strong>Une\u00a0serre au service de la communaut\u00e9 : un projet en voie de r\u00e9alisation<\/strong><\/h2>\n<p>L\u2019Arrondissement est fier d\u2019annoncer une avanc\u00e9e majeure dans la r\u00e9alisation de <em>Notre serre 4 saisons<\/em> \u00e0 Saint-Michel, une infrastructure institutionnelle et communautaire am\u00e9nag\u00e9e au parc Fr\u00e9d\u00e9ric-Back et l\u2019une des initiatives laur\u00e9ates de la premi\u00e8re \u00e9dition du Budget participatif de la Ville de Montr\u00e9al.\u00a0Fruit d\u2019un partenariat entre l\u2019organisme Vivre Saint-Michel en sant\u00e9 et le Laboratoire sur l\u2019agriculture urbaine, ce complexe\u00a0serricole\u00a0permettra de renforcer la s\u00e9curit\u00e9 alimentaire dans Saint\u2011Michel, de soutenir la recherche en agriculture urbaine et de mettre en valeur des pratiques innovantes et durables.<\/p>\n<p>Gr\u00e2ce \u00e0 l\u2019appui financier du D\u00e9fi des villes intelligentes \u2013 Montr\u00e9al en commun, du Fonds des infrastructures alimentaires locales du gouvernement du Canada et du Budget participatif, le projet pourra aller de l\u2019avant sous la responsabilit\u00e9 de l\u2019Arrondissement, \u00e0 la suite d\u2019un transfert de comp\u00e9tence devant \u00eatre approuv\u00e9 par les instances municipales. Le d\u00e9but de la construction, pr\u00e9vue d\u00e8s l\u2019automne 2026, m\u00e8nera \u00e0 l\u2019ouverture d\u2019un lieu unique de production, d\u2019\u00e9ducation et de collaboration, qui contribuera au rayonnement du parc Fr\u00e9d\u00e9ric\u2011Back comme espace d\u2019innovation environnementale et de d\u00e9veloppement communautaire.<\/p>\n<h2><strong>Un appui financier pour soutenir le commerce local dans Villeray\u00a0\u00a0<\/strong><\/h2>\n<p>L\u2019Arrondissement renouv\u00e8le sa confiance envers la Soci\u00e9t\u00e9 de d\u00e9veloppement commercial (SDC) du Quartier Villeray en lui accordant une contribution de 50\u202f000\u202f$ pour l\u2019ann\u00e9e 2026, un financement destin\u00e9 \u00e0 soutenir ses op\u00e9rations administratives et \u00e0 assurer la mise en \u0153uvre du projet de convention pr\u00e9vu \u00e0 cette fin. Cette aide financi\u00e8re permettra \u00e0 la SDC de disposer d\u2019un soutien administratif stable pour mener \u00e0 bien ses actions aupr\u00e8s des commer\u00e7antes et commer\u00e7ants ainsi que de la population, notamment en am\u00e9liorant la qualit\u00e9 du milieu de vie, en dynamisant l\u2019offre commerciale de proximit\u00e9 et en soutenant le d\u00e9veloppement \u00e9conomique local.<\/p>\n<div id=\"linit-2798453654\" class=\"linit-apres-contenu linit-entity-placement\"><script async src=\"\/\/pagead2.googlesyndication.com\/pagead\/js\/adsbygoogle.js?client=ca-pub-8992136571741975\" crossorigin=\"anonymous\"><\/script><ins class=\"adsbygoogle\" style=\"display:block;\" data-ad-client=\"ca-pub-8992136571741975\" \ndata-ad-slot=\"1055921646\" \ndata-ad-format=\"auto\"><\/ins>\n<script> \n(adsbygoogle = window.adsbygoogle || []).push({}); \n<\/script>\n<\/div>","protected":false},"excerpt":{"rendered":"<p>Lors de la derni\u00e8re s\u00e9ance du conseil d\u2019arrondissement de Villeray\u2013Saint-Michel\u2013Parc-Extension, les\u00a0membres du conseil\u00a0ont\u00a0adopt\u00e9 cinq projets de r\u00e8glements\u00a0visant \u00e0 harmoniser la r\u00e9glementation locale avec le Plan d\u2019urbanisme et de mobilit\u00e9 2050 de la Ville de Montr\u00e9al. Ils ont \u00e9galement\u00a0offert\u00a0au conseil municipal de prendre en charge\u00a0la r\u00e9alisation du projet de serre institutionnelle et communautaire au parc Fr\u00e9d\u00e9ric-Back\u00a0et\u00a0ont [&hellip;]<\/p>\n","protected":false},"author":1,"featured_media":0,"comment_status":"open","ping_status":"open","sticky":false,"template":"","format":"standard","meta":{"fifu_image_url":"","fifu_image_alt":"","footnotes":""},"categories":[6],"tags":[],"class_list":["post-280","post","type-post","status-publish","format-standard","hentry","category-communiques"],"_links":{"self":[{"href":"https:\/\/linitiative.ca\/english\/wp-json\/wp\/v2\/posts\/280","targetHints":{"allow":["GET"]}}],"collection":[{"href":"https:\/\/linitiative.ca\/english\/wp-json\/wp\/v2\/posts"}],"about":[{"href":"https:\/\/linitiative.ca\/english\/wp-json\/wp\/v2\/types\/post"}],"author":[{"embeddable":true,"href":"https:\/\/linitiative.ca\/english\/wp-json\/wp\/v2\/users\/1"}],"replies":[{"embeddable":true,"href":"https:\/\/linitiative.ca\/english\/wp-json\/wp\/v2\/comments?post=280"}],"version-history":[{"count":1,"href":"https:\/\/linitiative.ca\/english\/wp-json\/wp\/v2\/posts\/280\/revisions"}],"predecessor-version":[{"id":281,"href":"https:\/\/linitiative.ca\/english\/wp-json\/wp\/v2\/posts\/280\/revisions\/281"}],"wp:attachment":[{"href":"https:\/\/linitiative.ca\/english\/wp-json\/wp\/v2\/media?parent=280"}],"wp:term":[{"taxonomy":"category","embeddable":true,"href":"https:\/\/linitiative.ca\/english\/wp-json\/wp\/v2\/categories?post=280"},{"taxonomy":"post_tag","embeddable":true,"href":"https:\/\/linitiative.ca\/english\/wp-json\/wp\/v2\/tags?post=280"}],"curies":[{"name":"wp","href":"https:\/\/api.w.org\/{rel}","templated":true}]}}