{"id":284,"date":"2026-03-24T05:46:42","date_gmt":"2026-03-24T04:46:42","guid":{"rendered":"https:\/\/linitiative.ca\/english\/femmes-dialogue-coeurs-connectes-une-soiree-pour-celebrer-et-rendre-hommage-aux-femmes\/"},"modified":"2026-03-26T02:32:15","modified_gmt":"2026-03-26T01:32:15","slug":"femmes-dialogue-coeurs-connectes-une-soiree-pour-celebrer-et-rendre-hommage-aux-femmes","status":"publish","type":"post","link":"https:\/\/linitiative.ca\/english\/femmes-dialogue-coeurs-connectes-une-soiree-pour-celebrer-et-rendre-hommage-aux-femmes\/","title":{"rendered":"Women &amp; Dialogue, Connected Hearts. An evening to celebrate and pay tribute to women"},"content":{"rendered":"<p><img loading=\"lazy\" decoding=\"async\" class=\"aligncenter wp-image-86824 size-full\" src=\"https:\/\/linitiative.ca\/wp-content\/uploads\/2026\/03\/Femmes-Dialogue-Coeurs-Connectes-22-mars-2026.jpg\" sizes=\"auto, (max-width: 800px) 100vw, 800px\" srcset=\"https:\/\/linitiative.ca\/wp-content\/uploads\/2026\/03\/Femmes-Dialogue-Coeurs-Connectes-22-mars-2026.jpg 800w, https:\/\/linitiative.ca\/wp-content\/uploads\/2026\/03\/Femmes-Dialogue-Coeurs-Connectes-22-mars-2026-300x153.jpg 300w, https:\/\/linitiative.ca\/wp-content\/uploads\/2026\/03\/Femmes-Dialogue-Coeurs-Connectes-22-mars-2026-768x391.jpg 768w\" alt=\"\" width=\"800\" height=\"407\" \/><\/p>\n<p>It was \u201cthe Select evening\u201d Sunday evening at the Salle Pauline-Julien in Montreal on the occasion of the first edition of \u201cWomen &amp; Dialogue, C\u0153urs Connect\u00e9s\u201d, an event which was organized by Hesp\u00e9rides Arts et Cultures.<\/p>\n<p>Founded by artist and event producer Laila Gouchi, the organization positions itself as a guardian of artistic riches with a perspective of dialogue and inclusion for the celebration of cosmopolitanism in Quebec and Canada.<\/p>\n<p>Madame Gouchi took the opportunity to highlight the presence of numerous dignitaries at this concert which was organized under the honorary presidency of the Member of Parliament for Nelligan, Mr. Monsef Derraji.<\/p><div id=\"linit-521422281\" class=\"linit-dans-le-contenu linit-entity-placement\"><script async src=\"\/\/pagead2.googlesyndication.com\/pagead\/js\/adsbygoogle.js?client=ca-pub-8992136571741975\" crossorigin=\"anonymous\"><\/script><ins class=\"adsbygoogle\" style=\"display:block;\" data-ad-client=\"ca-pub-8992136571741975\" \ndata-ad-slot=\"1055921646\" \ndata-ad-format=\"auto\"><\/ins>\n<script> \n(adsbygoogle = window.adsbygoogle || []).push({}); \n<\/script>\n<\/div>\n<p>Hesp\u00e9rides Arts et Cultures, chose to organize this first artistic event during the month of March to celebrate women&rsquo;s rights and honor the humanitarian action of two of them.<\/p>\n<p>Madam Ghada Nasr, President of the Cancer Canada Lebanon Association (A2CL) and Doctor Asmae Boutaleb Co-founder of the Moroccan-Canadian Organization for Children&rsquo;s and Women&rsquo;s Health (OMCSEF) were honored for their professional career and their exceptional commitments to humanitarian action.<\/p>\n<p>It is therefore under the artistic direction of the maestria Soukaina Aouatif that Abir El Abed (Morocco), Kathia Rock (Innue), Yara Georgeos (Syria) and Maalem Salamate Gnawa (Morocco) took the stage of the Salle Pauline-Julien Abir El Abed (Morocco).<\/p>\n<p>The show which inspired intercultural dialogue brought together artists with diverse influences who offered for the occasion pieces from the Andalusian, Cherki, Gnawi, French, English and Innu repertoire.<\/p>\n<p>This inspiring fusion of genres reflects Montreal, which stands out as a crossroads of cultures through its openness and artistic freshness.<\/p>\n<p><strong>Reda Benkoula<\/strong><\/p>\n<div class=\"epyt-gallery\" data-currpage=\"1\" id=\"epyt_gallery_24955\"><figure class=\"wp-block-embed wp-block-embed-youtube is-type-video is-provider-youtube epyt-figure\"><div class=\"wp-block-embed__wrapper\"><iframe loading=\"lazy\"  id=\"_ytid_81146\"  width=\"640\" height=\"360\"  data-origwidth=\"640\" data-origheight=\"360\" src=\"https:\/\/www.youtube.com\/embed\/?enablejsapi=1&autoplay=0&cc_load_policy=0&cc_lang_pref=&iv_load_policy=1&loop=0&rel=1&fs=1&playsinline=0&autohide=2&theme=dark&color=red&controls=1&disablekb=0&\" class=\"__youtube_prefs__  no-lazyload\" title=\"YouTube player\"  data-epytgalleryid=\"epyt_gallery_24955\"  allow=\"fullscreen; accelerometer; autoplay; clipboard-write; encrypted-media; gyroscope; picture-in-picture; web-share\" referrerpolicy=\"strict-origin-when-cross-origin\" allowfullscreen data-no-lazy=\"1\" data-skipgform_ajax_framebjll=\"\"><\/iframe><\/div><\/figure><div class=\"epyt-gallery-list\"><div>Please enter your YouTube API key to embed galleries.<\/div><\/div><\/div>\n<div id=\"linit-1362754192\" class=\"linit-apres-contenu linit-entity-placement\"><script async src=\"\/\/pagead2.googlesyndication.com\/pagead\/js\/adsbygoogle.js?client=ca-pub-8992136571741975\" crossorigin=\"anonymous\"><\/script><ins class=\"adsbygoogle\" style=\"display:block;\" data-ad-client=\"ca-pub-8992136571741975\" \ndata-ad-slot=\"1055921646\" \ndata-ad-format=\"auto\"><\/ins>\n<script> \n(adsbygoogle = window.adsbygoogle || []).push({}); \n<\/script>\n<\/div>","protected":false},"excerpt":{"rendered":"<p>It was \u201cthe Select evening\u201d Sunday evening at the Salle Pauline-Julien in Montreal on the occasion of the first edition of \u201cWomen &amp; Dialogue, C\u0153urs Connect\u00e9s\u201d, an event which was organized by Hesp\u00e9rides Arts et Cultures. Founded by artist and event producer Laila Gouchi, the organization positions itself as a guardian of artistic riches with [&hellip;]<\/p>\n","protected":false},"author":1,"featured_media":285,"comment_status":"closed","ping_status":"closed","sticky":false,"template":"","format":"standard","meta":{"fifu_image_url":"https:\/\/linitiative.ca\/wp-content\/uploads\/2026\/03\/Femmes-Dialogue-Coeurs-Connectes-22-mars-2026.jpg","fifu_image_alt":"Femmes &amp; Dialogue, C\u0153urs Connect\u00e9s. Une soir\u00e9e pour c\u00e9l\u00e9brer et rendre hommage aux femmes","footnotes":""},"categories":[25],"tags":[],"class_list":["post-284","post","type-post","status-publish","format-standard","has-post-thumbnail","hentry","category-spectacles"],"_links":{"self":[{"href":"https:\/\/linitiative.ca\/english\/wp-json\/wp\/v2\/posts\/284","targetHints":{"allow":["GET"]}}],"collection":[{"href":"https:\/\/linitiative.ca\/english\/wp-json\/wp\/v2\/posts"}],"about":[{"href":"https:\/\/linitiative.ca\/english\/wp-json\/wp\/v2\/types\/post"}],"author":[{"embeddable":true,"href":"https:\/\/linitiative.ca\/english\/wp-json\/wp\/v2\/users\/1"}],"replies":[{"embeddable":true,"href":"https:\/\/linitiative.ca\/english\/wp-json\/wp\/v2\/comments?post=284"}],"version-history":[{"count":4,"href":"https:\/\/linitiative.ca\/english\/wp-json\/wp\/v2\/posts\/284\/revisions"}],"predecessor-version":[{"id":289,"href":"https:\/\/linitiative.ca\/english\/wp-json\/wp\/v2\/posts\/284\/revisions\/289"}],"wp:featuredmedia":[{"embeddable":true,"href":"https:\/\/linitiative.ca\/english\/wp-json\/wp\/v2\/media\/285"}],"wp:attachment":[{"href":"https:\/\/linitiative.ca\/english\/wp-json\/wp\/v2\/media?parent=284"}],"wp:term":[{"taxonomy":"category","embeddable":true,"href":"https:\/\/linitiative.ca\/english\/wp-json\/wp\/v2\/categories?post=284"},{"taxonomy":"post_tag","embeddable":true,"href":"https:\/\/linitiative.ca\/english\/wp-json\/wp\/v2\/tags?post=284"}],"curies":[{"name":"wp","href":"https:\/\/api.w.org\/{rel}","templated":true}]}}