{"id":36,"date":"2026-02-08T14:52:47","date_gmt":"2026-02-08T13:52:47","guid":{"rendered":"https:\/\/linitiative.ca\/english\/rallye-expos-vues-dafrique-2026-exposition-collective-divers-cites-au-centre-na-rive-montreal\/"},"modified":"2026-02-08T14:52:47","modified_gmt":"2026-02-08T13:52:47","slug":"rallye-expos-vues-dafrique-2026-exposition-collective-divers-cites-au-centre-na-rive-montreal","status":"publish","type":"post","link":"https:\/\/linitiative.ca\/english\/rallye-expos-vues-dafrique-2026-exposition-collective-divers-cites-au-centre-na-rive-montreal\/","title":{"rendered":"Rally-Expos Views of Africa 2026. Collective exhibition Divers Cit\u00e9s at the NA-RIV\u00c9 Center, Montreal"},"content":{"rendered":"<p><a href=\"https:\/\/linitiative.ca\/?attachment_id=86360\"><img decoding=\"async\" src=\"https:\/\/linitiative.ca\/wp-content\/uploads\/2026\/02\/gabriel-landry-2-fevrier-14-mars-2026-rallye-expos.jpg\" alt=\"\" width=\"640px\" height=\"433px\" class=\"alignnone size-large wp-image-86360\" srcset=\"https:\/\/linitiative.ca\/wp-content\/uploads\/2026\/02\/gabriel-landry-2-fevrier-14-mars-2026-rallye-expos.jpg 800w, https:\/\/linitiative.ca\/wp-content\/uploads\/2026\/02\/gabriel-landry-2-fevrier-14-mars-2026-rallye-expos-300x203.jpg 300w, https:\/\/linitiative.ca\/wp-content\/uploads\/2026\/02\/gabriel-landry-2-fevrier-14-mars-2026-rallye-expos-768x519.jpg 768w\" sizes=\"(max-width: 800px) 100vw, 800px\"\/><\/a><\/p>\n<p>As part of the Rally-Expos of the Vues dAfrique International Festival, the Nouvim-Arts Expos collective presents the collective exhibition Divers Cit\u00e9s, which will be held from February 3 to March 15, 2026 at the NA-RIV\u00c9 Center in Montreal. This exhibition will also celebrate the launch of the visual arts exhibitions of Rallye-Expos 2026 which will continue until the end of June in various art galleries and museums in Montreal.<\/p>\n<p>Organized during Black History Month, this exhibition highlights Afro-Canadian-Quebec artists whose artistic practices demonstrate the richness of plural identities, intercultural dialogue and Montreal living together. Through various forms of expression; painting, watercolor, engraving and photography. The works presented explore the links between memory, territory, heritage and contemporary creation.<\/p>\n<p>The event is under the honorary presidency of the great artist Gabriel Landry, a notable figure on the artistic scene, and celebrates artistic twinning as well as the cultural diversity that shapes Montreal.<\/p><div id=\"linit-3137441681\" class=\"linit-dans-le-contenu linit-entity-placement\"><script async src=\"\/\/pagead2.googlesyndication.com\/pagead\/js\/adsbygoogle.js?client=ca-pub-8992136571741975\" crossorigin=\"anonymous\"><\/script><ins class=\"adsbygoogle\" style=\"display:block;\" data-ad-client=\"ca-pub-8992136571741975\" \ndata-ad-slot=\"1055921646\" \ndata-ad-format=\"auto\"><\/ins>\n<script> \n(adsbygoogle = window.adsbygoogle || []).push({}); \n<\/script>\n<\/div>\n<p>Continuing the mission of the Vues dAfrique Rally-Expos, this artistic encounter reaffirms the essential role of art and culture in bringing people together, promoting intercultural exchanges and creating a dialogue that transcends borders and words.<\/p>\n<p>The exhibition is produced with the collaboration of the NA-RIV\u00c9 Center and is part of the official programming of the Vues dAfrique 2026 Festival.<\/p>\n<p>Opening Saturday, February 7, 2026 2 p.m. to 5 p.m. A welcome cocktail will be offered to guests.Exhibition location Center NA-RIV\u00c96971, rue Saint-Denis Montr\u00e9al (Qu\u00e9bec)H2S 2S5 Metro: Jean-Talon | Bus: 31<\/p>\n<div id=\"linit-1960699099\" class=\"linit-apres-contenu linit-entity-placement\"><script async src=\"\/\/pagead2.googlesyndication.com\/pagead\/js\/adsbygoogle.js?client=ca-pub-8992136571741975\" crossorigin=\"anonymous\"><\/script><ins class=\"adsbygoogle\" style=\"display:block;\" data-ad-client=\"ca-pub-8992136571741975\" \ndata-ad-slot=\"1055921646\" \ndata-ad-format=\"auto\"><\/ins>\n<script> \n(adsbygoogle = window.adsbygoogle || []).push({}); \n<\/script>\n<\/div>","protected":false},"excerpt":{"rendered":"<p>As part of the Rally-Expos of the Vues dAfrique International Festival, the Nouvim-Arts Expos collective presents the collective exhibition Divers Cit\u00e9s, which will be held from February 3 to March 15, 2026 at the NA-RIV\u00c9 Center in Montreal. This exhibition will also celebrate the launch of the visual arts exhibitions of Rallye-Expos 2026 which will [&hellip;]<\/p>\n","protected":false},"author":1,"featured_media":37,"comment_status":"closed","ping_status":"closed","sticky":false,"template":"","format":"standard","meta":{"fifu_image_url":"https:\/\/linitiative.ca\/wp-content\/uploads\/2026\/02\/gabriel-landry-2-fevrier-14-mars-2026-rallye-expos.jpg","fifu_image_alt":"Rallye-Expos Vues d\u2019Afrique 2026 . Exposition collective Divers Cit\u00e9s au Centre NA-RIV\u00c9, Montr\u00e9al","footnotes":""},"categories":[6],"tags":[],"class_list":["post-36","post","type-post","status-publish","format-standard","has-post-thumbnail","hentry","category-communiques"],"_links":{"self":[{"href":"https:\/\/linitiative.ca\/english\/wp-json\/wp\/v2\/posts\/36","targetHints":{"allow":["GET"]}}],"collection":[{"href":"https:\/\/linitiative.ca\/english\/wp-json\/wp\/v2\/posts"}],"about":[{"href":"https:\/\/linitiative.ca\/english\/wp-json\/wp\/v2\/types\/post"}],"author":[{"embeddable":true,"href":"https:\/\/linitiative.ca\/english\/wp-json\/wp\/v2\/users\/1"}],"replies":[{"embeddable":true,"href":"https:\/\/linitiative.ca\/english\/wp-json\/wp\/v2\/comments?post=36"}],"version-history":[{"count":0,"href":"https:\/\/linitiative.ca\/english\/wp-json\/wp\/v2\/posts\/36\/revisions"}],"wp:featuredmedia":[{"embeddable":true,"href":"https:\/\/linitiative.ca\/english\/wp-json\/wp\/v2\/media\/37"}],"wp:attachment":[{"href":"https:\/\/linitiative.ca\/english\/wp-json\/wp\/v2\/media?parent=36"}],"wp:term":[{"taxonomy":"category","embeddable":true,"href":"https:\/\/linitiative.ca\/english\/wp-json\/wp\/v2\/categories?post=36"},{"taxonomy":"post_tag","embeddable":true,"href":"https:\/\/linitiative.ca\/english\/wp-json\/wp\/v2\/tags?post=36"}],"curies":[{"name":"wp","href":"https:\/\/api.w.org\/{rel}","templated":true}]}}