{"id":389,"date":"2026-04-13T03:17:47","date_gmt":"2026-04-13T01:17:47","guid":{"rendered":"https:\/\/linitiative.ca\/english\/interview-par-le-cineaste-akim-kermiche-de-gerard-le-chene-president-co-fondateur-de-vues-dafrique\/"},"modified":"2026-04-13T03:17:47","modified_gmt":"2026-04-13T01:17:47","slug":"interview-par-le-cineaste-akim-kermiche-de-gerard-le-chene-president-co-fondateur-de-vues-dafrique","status":"publish","type":"post","link":"https:\/\/linitiative.ca\/english\/interview-par-le-cineaste-akim-kermiche-de-gerard-le-chene-president-co-fondateur-de-vues-dafrique\/","title":{"rendered":"Interview by filmmaker Akim Kermiche with G\u00e9rard Le Ch\u00eane, co-founding president of Vues d\u2019Afrique"},"content":{"rendered":"<p>Interview by filmmaker Akim Kermiche with G\u00e9rard Le Ch\u00eane, co-founding president of Vues d&rsquo;Afrique \u2013 L&rsquo;initiative The economic, cultural and social reference newspaper in Montreal and Quebec<\/p>\n<p><a class=\"skip-link screen-reader-text\" href=\"#content\">Skip to content<\/a><\/p>\n<p><iframe loading=\"lazy\" width=\"560\" height=\"315\" src=\"https:\/\/www.youtube.com\/embed\/_FwK9c1YOiQ\" frameborder=\"0\" allowfullscreen=\"allowfullscreen\">[embedded content]<\/iframe><\/p><div id=\"linit-4054874320\" class=\"linit-dans-le-contenu linit-entity-placement\"><script async src=\"\/\/pagead2.googlesyndication.com\/pagead\/js\/adsbygoogle.js?client=ca-pub-8992136571741975\" crossorigin=\"anonymous\"><\/script><ins class=\"adsbygoogle\" style=\"display:block;\" data-ad-client=\"ca-pub-8992136571741975\" \ndata-ad-slot=\"1055921646\" \ndata-ad-format=\"auto\"><\/ins>\n<script> \n(adsbygoogle = window.adsbygoogle || []).push({}); \n<\/script>\n<\/div>\n<h2 class=\"screen-reader-text\">Article navigation<\/h2>\n<p><h4>Related articles<\/h4>\n<\/p>\n<p><h4>News<\/h4><\/p>\n<div id=\"linit-4122748821\" class=\"linit-apres-contenu linit-entity-placement\"><script async src=\"\/\/pagead2.googlesyndication.com\/pagead\/js\/adsbygoogle.js?client=ca-pub-8992136571741975\" crossorigin=\"anonymous\"><\/script><ins class=\"adsbygoogle\" style=\"display:block;\" data-ad-client=\"ca-pub-8992136571741975\" \ndata-ad-slot=\"1055921646\" \ndata-ad-format=\"auto\"><\/ins>\n<script> \n(adsbygoogle = window.adsbygoogle || []).push({}); \n<\/script>\n<\/div>","protected":false},"excerpt":{"rendered":"<p>Interview by filmmaker Akim Kermiche with G\u00e9rard Le Ch\u00eane, co-founding president of Vues d&rsquo;Afrique \u2013 L&rsquo;initiative The economic, cultural and social reference newspaper in Montreal and Quebec Skip to content [embedded content] Article navigation Related articles News<\/p>\n","protected":false},"author":1,"featured_media":390,"comment_status":"closed","ping_status":"closed","sticky":false,"template":"","format":"standard","meta":{"fifu_image_url":"https:\/\/i4.ytimg.com\/vi\/_FwK9c1YOiQ\/hqdefault.jpg","fifu_image_alt":"Interview par le cin\u00e9aste Akim Kermiche de G\u00e9rard Le Ch\u00eane, pr\u00e9sident co-fondateur de Vues d\u2019Afrique","footnotes":""},"categories":[21],"tags":[],"class_list":["post-389","post","type-post","status-publish","format-standard","has-post-thumbnail","hentry","category-vues-dafrique"],"_links":{"self":[{"href":"https:\/\/linitiative.ca\/english\/wp-json\/wp\/v2\/posts\/389","targetHints":{"allow":["GET"]}}],"collection":[{"href":"https:\/\/linitiative.ca\/english\/wp-json\/wp\/v2\/posts"}],"about":[{"href":"https:\/\/linitiative.ca\/english\/wp-json\/wp\/v2\/types\/post"}],"author":[{"embeddable":true,"href":"https:\/\/linitiative.ca\/english\/wp-json\/wp\/v2\/users\/1"}],"replies":[{"embeddable":true,"href":"https:\/\/linitiative.ca\/english\/wp-json\/wp\/v2\/comments?post=389"}],"version-history":[{"count":0,"href":"https:\/\/linitiative.ca\/english\/wp-json\/wp\/v2\/posts\/389\/revisions"}],"wp:featuredmedia":[{"embeddable":true,"href":"https:\/\/linitiative.ca\/english\/wp-json\/wp\/v2\/media\/390"}],"wp:attachment":[{"href":"https:\/\/linitiative.ca\/english\/wp-json\/wp\/v2\/media?parent=389"}],"wp:term":[{"taxonomy":"category","embeddable":true,"href":"https:\/\/linitiative.ca\/english\/wp-json\/wp\/v2\/categories?post=389"},{"taxonomy":"post_tag","embeddable":true,"href":"https:\/\/linitiative.ca\/english\/wp-json\/wp\/v2\/tags?post=389"}],"curies":[{"name":"wp","href":"https:\/\/api.w.org\/{rel}","templated":true}]}}