{"id":42,"date":"2026-02-09T06:17:20","date_gmt":"2026-02-09T05:17:20","guid":{"rendered":"https:\/\/linitiative.ca\/english\/le-film-frantz-fanon-en-ouverture-du-15e-festival-fondu-au-noir-suivi-dun-panel-de-discussion\/"},"modified":"2026-02-09T06:17:20","modified_gmt":"2026-02-09T05:17:20","slug":"le-film-frantz-fanon-en-ouverture-du-15e-festival-fondu-au-noir-suivi-dun-panel-de-discussion","status":"publish","type":"post","link":"https:\/\/linitiative.ca\/english\/le-film-frantz-fanon-en-ouverture-du-15e-festival-fondu-au-noir-suivi-dun-panel-de-discussion\/","title":{"rendered":"The film \u201cFrantz Fanon\u201d opens the 15th Fondu au Noir Festival, followed by a discussion panel"},"content":{"rendered":"<p><img loading=\"lazy\" decoding=\"async\" class=\"aligncenter wp-image-86363 size-full\" src=\"https:\/\/linitiative.ca\/wp-content\/uploads\/2026\/02\/fondu-au-noir-2026-frantz-fanon.jpg\" alt=\"\" width=\"800\" height=\"364\" srcset=\"https:\/\/linitiative.ca\/wp-content\/uploads\/2026\/02\/fondu-au-noir-2026-frantz-fanon.jpg 800w, https:\/\/linitiative.ca\/wp-content\/uploads\/2026\/02\/fondu-au-noir-2026-frantz-fanon-300x137.jpg 300w, https:\/\/linitiative.ca\/wp-content\/uploads\/2026\/02\/fondu-au-noir-2026-frantz-fanon-768x349.jpg 768w\" sizes=\"auto, (max-width: 800px) 100vw, 800px\"\/><\/p>\n<p>Created by the Fabienne Colas Foundation, the 15th edition of <a href=\"https:\/\/fonduaunoir.ca\/#section1\">Fade to Black Festival<\/a> is part of the Black History Month programming which takes place during the month of February each year.<\/p>\n<p>With a special in-person and online edition taking place from February 4 to 8, 2026, <a href=\"https:\/\/linitiative.ca\/15e-fondu-au-noir-4-8-fvrier-2026-le-film-frantz-fanon-ouvre-le-festival\/\">Fade to Black Festival<\/a>, offers a program combining film screenings, literature, discussion panels, music shows and online cinema.<\/p>\n<p>The opening evening which took place on February 4 at the Museum Cinema offered the public the opportunity to discover the film \u201cFrantz Fanon\u201d which was directed by Abdelnour Zahzah. This feature film, which is described as Faithful Chronicles which occurred in the last century at the Blida-Joinville psychiatric hospital, at the time when Doctor Frantz Fanon was head of the fifth division between 1953 and 1956, is a continuation of the work of Abdelnour Zahzah around Fanon, since he directed in 2002, in the company of Bachir Ridouh, the documentary film \u201cFrantz Fanon: Asylum memory\u201d.<\/p><div id=\"linit-2883158532\" class=\"linit-dans-le-contenu linit-entity-placement\"><script async src=\"\/\/pagead2.googlesyndication.com\/pagead\/js\/adsbygoogle.js?client=ca-pub-8992136571741975\" crossorigin=\"anonymous\"><\/script><ins class=\"adsbygoogle\" style=\"display:block;\" data-ad-client=\"ca-pub-8992136571741975\" \ndata-ad-slot=\"1055921646\" \ndata-ad-format=\"auto\"><\/ins>\n<script> \n(adsbygoogle = window.adsbygoogle || []).push({}); \n<\/script>\n<\/div>\n<p>In his new film, the filmmaker therefore returns to a period in the life of Doctor Frantz Fanon when he worked at the Blida-Joinville psychiatric hospital during the time of French Algeria.<\/p>\n<p>Frantz Fanon, a young black psychiatrist, was trying to cure the Algerians of their alienations when the war broke out within his services. During this period, he was chief medical officer of the Fifth Division between 1953 and 1956.<\/p>\n<p>Analyzing the effects of colonization, he became involved with the nationalist resistance and established contacts with officers of the National Liberation Army (ALN) as well as with the political leadership of the National Liberation Front (FLN).<\/p>\n<p>Died in 1961 following leukemia at the age of 36, Frantz Fanon wrote plays as well as major essays on anti-colonial thought including Black Skin, White Masks, Year V of the Algerian Revolution as well as The Wretched of the Earth.<\/p>\n<p>If in France the recognition of Fanon&rsquo;s work is late, tribute is paid to him in Algeria where streets, cinemas and schools bear his name. The Joinville hospital in Blida was also renamed in memory of Frantz Fanon after the independence of Algeria, as well as the hospitals in B\u00e9ja\u00efa and Annaba.<\/p>\n<p>The release of the film by \u201cFrantz Fanon\u201d is a beautiful tribute to this outstanding figure of universal thought and to the activist for justice. Screened at the Annaba Mediterranean Film Festival, the film received the Jury Prize in 2024 and was selected for the world premiere at the 74th Berlinale 2024, as well as at the 21st <a href=\"https:\/\/montrealblackfilm.com\/event\/frantz-fanon\/\">Montreal International Black Film Festival<\/a> (<a href=\"https:\/\/linitiative.ca\/21e-festival-international-du-film-black-de-montreal-du-24-au-28-septembre-2025\/\">MIFBM<\/a>) in 2025.<\/p>\n<p>It should also be noted that numerous works pay homage to the work of Frantz Fanon. Several films and documentaries have already been made around this figure of the Algerian revolution including: \u201cFanon: black skin, white mask\u201d by director Isaac Julien in 1996, \u201cFrantz Fanon, a life, a fight, a work\u201d by Cheikh Djemai in 2001, \u201cConcerning Violence\u201d by director G\u00f6ran Olsson in 2014, \u201c <a href=\"https:\/\/linitiative.ca\/21-mai-2019-fanon-hier-aujourdhui-montral\/\">Fanon yesterday, today<\/a> \u00bb by Algerian director Hassane M\u00e9zine in 2019. More recently in 2025, the biopic \u201c <a href=\"https:\/\/linitiative.ca\/la-31e-dition-de-cinemania-dvoile-lensemble-de-sa-programmation-du-14-au-16-novembre-2025\/\">Dewlap<\/a> \u00bb by Jean-Claude Barny was screened during the 31st Festival <a href=\"https:\/\/festivalcinemania.com\/fr\/films\/fanon\">Cinemamania<\/a> from Montreal. It has been broadcast in Canada since February 6, 2026.<\/p>\n<p><img loading=\"lazy\" decoding=\"async\" class=\"aligncenter wp-image-86362 size-full\" src=\"https:\/\/linitiative.ca\/wp-content\/uploads\/2026\/02\/fondu-au-noir-4-fev-2026-Ansfrid-Tchetchenigbo-Thibault-Tranchant-et-Ernest-Marie-Mbonda.jpg\" alt=\"\" width=\"800\" height=\"451\" srcset=\"https:\/\/linitiative.ca\/wp-content\/uploads\/2026\/02\/fondu-au-noir-4-fev-2026-Ansfrid-Tchetchenigbo-Thibault-Tranchant-et-Ernest-Marie-Mbonda.jpg 800w, https:\/\/linitiative.ca\/wp-content\/uploads\/2026\/02\/fondu-au-noir-4-fev-2026-Ansfrid-Tchetchenigbo-Thibault-Tranchant-et-Ernest-Marie-Mbonda-300x169.jpg 300w, https:\/\/linitiative.ca\/wp-content\/uploads\/2026\/02\/fondu-au-noir-4-fev-2026-Ansfrid-Tchetchenigbo-Thibault-Tranchant-et-Ernest-Marie-Mbonda-768x433.jpg 768w\" sizes=\"auto, (max-width: 800px) 100vw, 800px\"\/><\/p>\n<p>As a corollary to the opening evening, the screening of the film was followed by a round table around the work of Fanon. Thibault Tranchant (Doctor of philosophy and professor at C\u00e9gep \u00c9douard-Montpetit) and Ernest-Marie Mbonda (professor of philosophy at C\u00e9gep de Sherbrooke and lecturer at UQAM and UdeM) took part in this exercise under the watchful eye of the public.<\/p>\n<p>Reda Benkoula<\/p>\n<p>Fondu au Noir Festival, discussion around Frantz Fanon: Thibault Tranchant and Ernest-Marie Mbonda<\/p>\n<p><iframe loading=\"lazy\" title=\"YouTube video player\" src=\"https:\/\/www.youtube.com\/embed\/EyzA9f9zodA?si=qI59jtbr0XdRxpx-\" width=\"560\" height=\"315\" frameborder=\"0\" allowfullscreen=\"allowfullscreen\">[embedded content]<\/iframe><\/p>\n<p>Trailer for the film \u201cFrantz Fanon\u201d, directed by Abdelnour Zahzah<\/p>\n<p><iframe loading=\"lazy\" title=\"YouTube video player\" src=\"https:\/\/www.youtube.com\/embed\/kTjU9FQZLPM?si=x4EbbM-jQvlL9_ci\" width=\"560\" height=\"315\" frameborder=\"0\" allowfullscreen=\"allowfullscreen\">[embedded content]<\/iframe><\/p>\n<h2 class=\"screen-reader-text\">Article navigation<\/h2>\n<div id=\"linit-2037312230\" class=\"linit-apres-contenu linit-entity-placement\"><script async src=\"\/\/pagead2.googlesyndication.com\/pagead\/js\/adsbygoogle.js?client=ca-pub-8992136571741975\" crossorigin=\"anonymous\"><\/script><ins class=\"adsbygoogle\" style=\"display:block;\" data-ad-client=\"ca-pub-8992136571741975\" \ndata-ad-slot=\"1055921646\" \ndata-ad-format=\"auto\"><\/ins>\n<script> \n(adsbygoogle = window.adsbygoogle || []).push({}); \n<\/script>\n<\/div>","protected":false},"excerpt":{"rendered":"<p>Created by the Fabienne Colas Foundation, the 15th edition of Fade to Black Festival is part of the Black History Month programming which takes place during the month of February each year. With a special in-person and online edition taking place from February 4 to 8, 2026, Fade to Black Festival, offers a program combining [&hellip;]<\/p>\n","protected":false},"author":1,"featured_media":43,"comment_status":"closed","ping_status":"closed","sticky":false,"template":"","format":"standard","meta":{"fifu_image_url":"https:\/\/linitiative.ca\/wp-content\/uploads\/2026\/02\/fondu-au-noir-2026-frantz-fanon.jpg","fifu_image_alt":"Le film \u00ab Frantz Fanon \u00bb en ouverture du 15e Festival Fondu au Noir, suivi d\u2019un panel de discussion","footnotes":""},"categories":[10],"tags":[],"class_list":["post-42","post","type-post","status-publish","format-standard","has-post-thumbnail","hentry","category-cinema"],"_links":{"self":[{"href":"https:\/\/linitiative.ca\/english\/wp-json\/wp\/v2\/posts\/42","targetHints":{"allow":["GET"]}}],"collection":[{"href":"https:\/\/linitiative.ca\/english\/wp-json\/wp\/v2\/posts"}],"about":[{"href":"https:\/\/linitiative.ca\/english\/wp-json\/wp\/v2\/types\/post"}],"author":[{"embeddable":true,"href":"https:\/\/linitiative.ca\/english\/wp-json\/wp\/v2\/users\/1"}],"replies":[{"embeddable":true,"href":"https:\/\/linitiative.ca\/english\/wp-json\/wp\/v2\/comments?post=42"}],"version-history":[{"count":0,"href":"https:\/\/linitiative.ca\/english\/wp-json\/wp\/v2\/posts\/42\/revisions"}],"wp:featuredmedia":[{"embeddable":true,"href":"https:\/\/linitiative.ca\/english\/wp-json\/wp\/v2\/media\/43"}],"wp:attachment":[{"href":"https:\/\/linitiative.ca\/english\/wp-json\/wp\/v2\/media?parent=42"}],"wp:term":[{"taxonomy":"category","embeddable":true,"href":"https:\/\/linitiative.ca\/english\/wp-json\/wp\/v2\/categories?post=42"},{"taxonomy":"post_tag","embeddable":true,"href":"https:\/\/linitiative.ca\/english\/wp-json\/wp\/v2\/tags?post=42"}],"curies":[{"name":"wp","href":"https:\/\/api.w.org\/{rel}","templated":true}]}}