{"id":44,"date":"2026-02-09T06:17:29","date_gmt":"2026-02-09T05:17:29","guid":{"rendered":"https:\/\/linitiative.ca\/english\/rallye-expos-2026-cest-parti-pour-une-nouvelle-edition-du-1er-fevrier-au-30-juin\/"},"modified":"2026-02-09T06:17:29","modified_gmt":"2026-02-09T05:17:29","slug":"rallye-expos-2026-cest-parti-pour-une-nouvelle-edition-du-1er-fevrier-au-30-juin","status":"publish","type":"post","link":"https:\/\/linitiative.ca\/english\/rallye-expos-2026-cest-parti-pour-une-nouvelle-edition-du-1er-fevrier-au-30-juin\/","title":{"rendered":"Rally-Expos 2026: Here we go for a new edition from February 1 to June 30"},"content":{"rendered":"<p><img loading=\"lazy\" decoding=\"async\" class=\"size-medium wp-image-86383 alignleft\" src=\"https:\/\/linitiative.ca\/wp-content\/uploads\/2026\/02\/RALLYE-EXPOS-2026-188x300.jpg\" alt=\"\" width=\"188\" height=\"300\" srcset=\"https:\/\/linitiative.ca\/wp-content\/uploads\/2026\/02\/RALLYE-EXPOS-2026-188x300.jpg 188w, https:\/\/linitiative.ca\/wp-content\/uploads\/2026\/02\/RALLYE-EXPOS-2026.jpg 600w\" sizes=\"auto, (max-width: 188px) 100vw, 188px\"\/>Placed under the honorary presidency of the artist Gabriel Landry, the launch of the 30th Rally-Expos of Vues d&rsquo;Afrique 2026 took place on February 7 at the NA-RIV\u00c9 Center in the presence of the curator of the exhibition Mr. Bousmaha Seddiki, the founder of the Vues d&rsquo;Afrique film festival Mr. G\u00e9rard Le Ch\u00eane and several artists participating in the collective exhibition Divers Cit\u00e9s until March 15 2026.<\/p>\n<p>Organized by the Nouvim-Arts collective during Black History Month, this exhibition highlights Afro-Canadian-Quebec artists whose artistic practices demonstrate the richness of plural identities, intercultural dialogue and Montreal living together through various forms of expression; painting, watercolor, engraving and photography. The works presented explore the links between memory, territory, heritage and contemporary creation.<\/p>\n<p>Visitors will discover the works of many artists including those of Gabriel Landry, Miloud Boukhira, Miloud Chennoufi, Ommar Gammaoui, Fathi Bouzida and many others&#8230;<\/p><div id=\"linit-1218359338\" class=\"linit-dans-le-contenu linit-entity-placement\"><script async src=\"\/\/pagead2.googlesyndication.com\/pagead\/js\/adsbygoogle.js?client=ca-pub-8992136571741975\" crossorigin=\"anonymous\"><\/script><ins class=\"adsbygoogle\" style=\"display:block;\" data-ad-client=\"ca-pub-8992136571741975\" \ndata-ad-slot=\"1055921646\" \ndata-ad-format=\"auto\"><\/ins>\n<script> \n(adsbygoogle = window.adsbygoogle || []).push({}); \n<\/script>\n<\/div>\n<p>Present during the event, the Tunisian artist Fathi Bouzida took part in the question\/answer game, notably addressing the place of African art. This moment of cultural encounter also allowed director Akim Kermiche to present his documentary on Gabriel Landry. It should also be noted that Akim has just produced \u201cHenriette Mvondo Positive Community Actress\u201d. This new documentary was screened on February 6 at the Cin\u00e9-Quartier de LaSalle in the presence of Henriette and many guests.<\/p>\n<p>Thus, the Rally-Expos of Views of Africa offers, as every year, a rich and varied program from February 1 to June 30. Visual arts exhibitions, animation workshops, conferences and screenings are organized through museums, galleries, art centers, trendy caf\u00e9s, large bookstores and universities in the Metropolis.<\/p>\n<p>Find all the programming on the website <a href=\"https:\/\/vuesdafrique.org\/arts-visuels\/\">Rally-Expos<\/a>.<\/p>\n<p>Reda Benkoula<\/p>\n<p><img loading=\"lazy\" decoding=\"async\" class=\"wp-image-86380 size-full\" src=\"https:\/\/linitiative.ca\/wp-content\/uploads\/2026\/02\/Gabriel-Landry.jpg\" alt=\"Gabriel Landry - 5 \u00c0 7 DANS LE MONDE (D.R)\" width=\"800\" height=\"450\" srcset=\"https:\/\/linitiative.ca\/wp-content\/uploads\/2026\/02\/Gabriel-Landry.jpg 800w, https:\/\/linitiative.ca\/wp-content\/uploads\/2026\/02\/Gabriel-Landry-300x169.jpg 300w, https:\/\/linitiative.ca\/wp-content\/uploads\/2026\/02\/Gabriel-Landry-768x432.jpg 768w\" sizes=\"auto, (max-width: 800px) 100vw, 800px\"\/><br \/>\nGabriel Landry \u2013 5 TO 7 IN THE WORLD (F.R)<\/p>\n<p><img loading=\"lazy\" decoding=\"async\" class=\"wp-image-86379 size-full\" src=\"https:\/\/linitiative.ca\/wp-content\/uploads\/2026\/02\/Miloud-Boukhira.jpg\" alt=\"Miloud Boukhira (et le sable jaillit des profondeurs,...et le ruisseau jaillit du d\u00e9sert...) (D.R)\" width=\"800\" height=\"450\" srcset=\"https:\/\/linitiative.ca\/wp-content\/uploads\/2026\/02\/Miloud-Boukhira.jpg 800w, https:\/\/linitiative.ca\/wp-content\/uploads\/2026\/02\/Miloud-Boukhira-300x169.jpg 300w, https:\/\/linitiative.ca\/wp-content\/uploads\/2026\/02\/Miloud-Boukhira-768x432.jpg 768w\" sizes=\"auto, (max-width: 800px) 100vw, 800px\"\/><br \/>\nMiloud Boukhira (and the sand gushes from the depths,\u2026and the stream gushes from the desert\u2026) (D.R)<\/p>\n<p><img loading=\"lazy\" decoding=\"async\" class=\"wp-image-86381 size-full\" src=\"https:\/\/linitiative.ca\/wp-content\/uploads\/2026\/02\/Fathi-Bouzida-Copie.jpg\" alt=\"Fathi Bouzida (Silence H\u00e9ritage I, II, III) (D.R)\" width=\"800\" height=\"450\" srcset=\"https:\/\/linitiative.ca\/wp-content\/uploads\/2026\/02\/Fathi-Bouzida-Copie.jpg 800w, https:\/\/linitiative.ca\/wp-content\/uploads\/2026\/02\/Fathi-Bouzida-Copie-300x169.jpg 300w, https:\/\/linitiative.ca\/wp-content\/uploads\/2026\/02\/Fathi-Bouzida-Copie-768x432.jpg 768w\" sizes=\"auto, (max-width: 800px) 100vw, 800px\"\/><br \/>\nFathi Bouzida (Silence Heritage I, II, III) (D.R)<\/p>\n<p>Artist Fathi Bouzida addresses African art at the launch of the Expos de Vues d\u2019Afrique Rally<iframe loading=\"lazy\" title=\"YouTube video player\" src=\"https:\/\/www.youtube.com\/embed\/LQEivu3PuQ0?si=Mue0EyGp2x0SWZQJ\" width=\"560\" height=\"315\" frameborder=\"0\" allowfullscreen=\"allowfullscreen\">[embedded content]<\/iframe><\/p>\n<p>Director Akim Kermiche presents the documentary on the artist Gabriel Landry\u00a0<iframe loading=\"lazy\" title=\"YouTube video player\" src=\"https:\/\/www.youtube.com\/embed\/h8nTCFo-sPo?si=vNu3N8nA1fsA6Yfk\" width=\"560\" height=\"315\" frameborder=\"0\" allowfullscreen=\"allowfullscreen\">[embedded content]<\/iframe><\/p>\n<p>2026 Rally-Expos Passport<\/p>\n<h2 class=\"screen-reader-text\">Article navigation<\/h2>\n<div id=\"linit-840648323\" class=\"linit-apres-contenu linit-entity-placement\"><script async src=\"\/\/pagead2.googlesyndication.com\/pagead\/js\/adsbygoogle.js?client=ca-pub-8992136571741975\" crossorigin=\"anonymous\"><\/script><ins class=\"adsbygoogle\" style=\"display:block;\" data-ad-client=\"ca-pub-8992136571741975\" \ndata-ad-slot=\"1055921646\" \ndata-ad-format=\"auto\"><\/ins>\n<script> \n(adsbygoogle = window.adsbygoogle || []).push({}); \n<\/script>\n<\/div>","protected":false},"excerpt":{"rendered":"<p>Placed under the honorary presidency of the artist Gabriel Landry, the launch of the 30th Rally-Expos of Vues d&rsquo;Afrique 2026 took place on February 7 at the NA-RIV\u00c9 Center in the presence of the curator of the exhibition Mr. Bousmaha Seddiki, the founder of the Vues d&rsquo;Afrique film festival Mr. G\u00e9rard Le Ch\u00eane and several [&hellip;]<\/p>\n","protected":false},"author":1,"featured_media":45,"comment_status":"closed","ping_status":"closed","sticky":false,"template":"","format":"standard","meta":{"fifu_image_url":"https:\/\/linitiative.ca\/wp-content\/uploads\/2026\/02\/RALLYE-EXPOS-2026-188x300.jpg","fifu_image_alt":"Rallye-Expos 2026 : C\u2019est parti pour une nouvelle \u00e9dition du 1er f\u00e9vrier au 30 juin","footnotes":""},"categories":[11],"tags":[],"class_list":["post-44","post","type-post","status-publish","format-standard","has-post-thumbnail","hentry","category-rallye-expos"],"_links":{"self":[{"href":"https:\/\/linitiative.ca\/english\/wp-json\/wp\/v2\/posts\/44","targetHints":{"allow":["GET"]}}],"collection":[{"href":"https:\/\/linitiative.ca\/english\/wp-json\/wp\/v2\/posts"}],"about":[{"href":"https:\/\/linitiative.ca\/english\/wp-json\/wp\/v2\/types\/post"}],"author":[{"embeddable":true,"href":"https:\/\/linitiative.ca\/english\/wp-json\/wp\/v2\/users\/1"}],"replies":[{"embeddable":true,"href":"https:\/\/linitiative.ca\/english\/wp-json\/wp\/v2\/comments?post=44"}],"version-history":[{"count":0,"href":"https:\/\/linitiative.ca\/english\/wp-json\/wp\/v2\/posts\/44\/revisions"}],"wp:featuredmedia":[{"embeddable":true,"href":"https:\/\/linitiative.ca\/english\/wp-json\/wp\/v2\/media\/45"}],"wp:attachment":[{"href":"https:\/\/linitiative.ca\/english\/wp-json\/wp\/v2\/media?parent=44"}],"wp:term":[{"taxonomy":"category","embeddable":true,"href":"https:\/\/linitiative.ca\/english\/wp-json\/wp\/v2\/categories?post=44"},{"taxonomy":"post_tag","embeddable":true,"href":"https:\/\/linitiative.ca\/english\/wp-json\/wp\/v2\/tags?post=44"}],"curies":[{"name":"wp","href":"https:\/\/api.w.org\/{rel}","templated":true}]}}