{"id":4495,"date":"2026-08-27T01:05:44","date_gmt":"2026-08-27T05:05:44","guid":{"rendered":"https:\/\/linitiative.ca\/english\/12-au-31-janvier-2027-le-theatre-de-lopsis-presentera-quebec-cite-au-theatre-rouge-du-conservatoire\/"},"modified":"2026-08-27T01:05:44","modified_gmt":"2026-08-27T05:05:44","slug":"12-au-31-janvier-2027-le-theatre-de-lopsis-presentera-quebec-cite-au-theatre-rouge-du-conservatoire","status":"publish","type":"post","link":"https:\/\/linitiative.ca\/english\/12-au-31-janvier-2027-le-theatre-de-lopsis-presentera-quebec-cite-au-theatre-rouge-du-conservatoire\/","title":{"rendered":"January 12 to 31, 2027. The Th\u00e9\u00e2tre de l\u2019Opsis will present Qu\u00e9bec city at the Th\u00e9\u00e2tre Rouge du Conservatoire"},"content":{"rendered":"<p>For its 2026-2027 season, the Th\u00e9\u00e2tre de l&rsquo;Opsis is thinking big and bringing together 13 artists on the stage of the Th\u00e9\u00e2tre Rouge du Conservatoire in order to offer the public a crazy, strong, unifying show, which is aimed at all generations! QU\u00c9BEC CIT\u00c9 is History through our stories. An unclassifiable and festive work that tells the story of Quebec through its theater, its culture, its characters.<\/p>\n<p>Directed by Luce Pelletier, also the creator of the project, twelve performers, musically accompanied by Nadine Turbide, combine scenes and speeches to paint an eclectic and feverish portrait of our great moments, whether intimate, political, social or cultural, and to talk about our hopes and our great disillusionments over time.<\/p>\n<p>In particular, these will be the words of more than 40 local authors who will follow one another on stage and who, through different modes of narration giving voice to real and fictional characters, will paint this vivid and vivid portrait of Quebec society. By juxtaposing various approaches, QU\u00c9BEC CIT\u00c9 allows you to cross the eras in a kaleidoscopic way. Here, no pre-established rules or linearity, the watchword: party! So, join the dance and let yourself be transported through time, to Quebec from yesterday to today.<\/p><div id=\"linit-462559225\" class=\"linit-dans-le-contenu linit-entity-placement\"><script async src=\"\/\/pagead2.googlesyndication.com\/pagead\/js\/adsbygoogle.js?client=ca-pub-8992136571741975\" crossorigin=\"anonymous\"><\/script><ins class=\"adsbygoogle\" style=\"display:inline-block;width:728px;height:90px;\" \ndata-ad-client=\"ca-pub-8992136571741975\" \ndata-ad-slot=\"6185130430\"><\/ins> \n<script> \n(adsbygoogle = window.adsbygoogle || []).push({}); \n<\/script>\n<\/div>\n<p>2027 marks the 40th anniversary since the Th\u00e9\u00e2tre de l\u2019Opsis\u2019 first production, Grand et petit. While the company has always been meeting foreign authors to introduce them to the Quebec public, to celebrate its 40 years of creation, the company feels the need to return to the very heart of its identity, its culture and its language.<\/p>\n<p>Quebec city From January 12 to 31, 2027 At the Th\u00e9\u00e2tre Rouge du Conservatoire \u2013 4750 av. Henri-Julien* Ideation and direction Luce Pelletier* With: Christophe Baril, Marie-Eve Charbonneau, Sylvie De Morais Nogueira, Francis Fontaine, Caroline Lavigne, Anglesh Major, Isabelle Miquelon, Fran\u00e7ois-\u00c9tienne Par\u00e9, Daniel Parent, France Parent, Ren\u00e9 Rousseau, Laurianne St-Aubin and Nadine Turbide* Director assistance Claire L&rsquo;Heureux* Playwright St\u00e9phane L\u00e9pine* Decor Olivier Landreville* Costumes Caroline Poirier* Lighting and production direction Jocelyn Proulx* Music Nadine Turbide* With extracts from texts by: Olivier Arteau, Fran\u00e7ois Archambault, Christine Beaulieu, Michel Marc Bouchard, Alexia Burger, Olivier Choini\u00e8re, St\u00e9phane Cr\u00eate, Daniel Danis, S\u00e9bastien David, R\u00e9jean Ducharme, Carole Fr\u00e9chette, Gratien G\u00e9linas, Rachel Graton, \u00c9tienne Lepage, Alexis Martin, Anne-Marie Olivier, Camille Par\u00e9-Poirier, Yves Sauvageau and several others.<\/p>\n<p>About the companyCompany founded in 1984 and directed by Luce Pelletier, the Th\u00e9\u00e2tre de l&rsquo;Opsis&rsquo; mission is to discover words from all origins through the eyes of Quebec creators through artistic cycles. After more than 70 creations which reached nearly 360,000 spectators, the Th\u00e9\u00e2tre de l&rsquo;Opsis offers highly accomplished shows and favors audacity, research and reflection. The public is thus immersed in unexplored worlds, which allows them to open their horizons and thus enrich Quebec culture.<\/p>\n<div id=\"linit-3380610970\" class=\"linit-apres-contenu linit-entity-placement\"><script async src=\"\/\/pagead2.googlesyndication.com\/pagead\/js\/adsbygoogle.js?client=ca-pub-8992136571741975\" crossorigin=\"anonymous\"><\/script><ins class=\"adsbygoogle\" style=\"display:inline-block;width:728px;height:90px;\" \ndata-ad-client=\"ca-pub-8992136571741975\" \ndata-ad-slot=\"6185130430\"><\/ins> \n<script> \n(adsbygoogle = window.adsbygoogle || []).push({}); \n<\/script>\n<\/div>","protected":false},"excerpt":{"rendered":"<p>For its 2026-2027 season, the Th\u00e9\u00e2tre de l&rsquo;Opsis is thinking big and bringing together 13 artists on the stage of the Th\u00e9\u00e2tre Rouge du Conservatoire in order to offer the public a crazy, strong, unifying show, which is aimed at all generations! QU\u00c9BEC CIT\u00c9 is History through our stories. An unclassifiable and festive work that [&hellip;]<\/p>\n","protected":false},"author":1,"featured_media":0,"comment_status":"closed","ping_status":"closed","sticky":false,"template":"","format":"standard","meta":{"fifu_image_url":"","fifu_image_alt":"","footnotes":""},"categories":[6],"tags":[],"class_list":["post-4495","post","type-post","status-publish","format-standard","hentry","category-communiques"],"_links":{"self":[{"href":"https:\/\/linitiative.ca\/english\/wp-json\/wp\/v2\/posts\/4495","targetHints":{"allow":["GET"]}}],"collection":[{"href":"https:\/\/linitiative.ca\/english\/wp-json\/wp\/v2\/posts"}],"about":[{"href":"https:\/\/linitiative.ca\/english\/wp-json\/wp\/v2\/types\/post"}],"author":[{"embeddable":true,"href":"https:\/\/linitiative.ca\/english\/wp-json\/wp\/v2\/users\/1"}],"replies":[{"embeddable":true,"href":"https:\/\/linitiative.ca\/english\/wp-json\/wp\/v2\/comments?post=4495"}],"version-history":[{"count":0,"href":"https:\/\/linitiative.ca\/english\/wp-json\/wp\/v2\/posts\/4495\/revisions"}],"wp:attachment":[{"href":"https:\/\/linitiative.ca\/english\/wp-json\/wp\/v2\/media?parent=4495"}],"wp:term":[{"taxonomy":"category","embeddable":true,"href":"https:\/\/linitiative.ca\/english\/wp-json\/wp\/v2\/categories?post=4495"},{"taxonomy":"post_tag","embeddable":true,"href":"https:\/\/linitiative.ca\/english\/wp-json\/wp\/v2\/tags?post=4495"}],"curies":[{"name":"wp","href":"https:\/\/api.w.org\/{rel}","templated":true}]}}