{"id":4654,"date":"2026-08-31T01:04:00","date_gmt":"2026-08-31T05:04:00","guid":{"rendered":"https:\/\/linitiative.ca\/english\/la-fete-du-citoyen-a-saint-leonard-le-13-septembre-2025-au-parc-wilfrid-bastien\/"},"modified":"2026-08-31T01:04:00","modified_gmt":"2026-08-31T05:04:00","slug":"la-fete-du-citoyen-a-saint-leonard-le-13-septembre-2025-au-parc-wilfrid-bastien","status":"publish","type":"post","link":"https:\/\/linitiative.ca\/english\/la-fete-du-citoyen-a-saint-leonard-le-13-septembre-2025-au-parc-wilfrid-bastien\/","title":{"rendered":"Citizen\u2019s Day in Saint-L\u00e9onard. September 13, 2025 at Wilfrid-Bastien Park"},"content":{"rendered":"<p>Citizen\u2019s Day in Saint-L\u00e9onard. September 13, 2025 at Wilfrid-Bastien Park \u2013 The initiative The economic, cultural and social reference newspaper in Montreal and Quebec<\/p>\n<p><a class=\"skip-link screen-reader-text\" href=\"#content\">Skip to content<\/a><\/p>\n<p><img loading=\"lazy\" post-id=\"89765\" fifulocal-featured=\"1\" decoding=\"async\" class=\"size-full wp-image-89764 aligncenter\" src=\"https:\/\/linitiative.ca\/wp-content\/uploads\/2026\/07\/30288-StLeo-Fete_Citoyen_Ann_Initiative-V01-PRESS-page-001-Copie.jpg\" alt=\"La F\u00eate du citoyen \u00e0 Saint-L\u00e9onard. Le 13 septembre 2025 au parc Wilfrid-Bastien\" title=\"La F\u00eate du citoyen \u00e0 Saint-L\u00e9onard. Le 13 septembre 2025 au parc Wilfrid-Bastien\" width=\"600\" height=\"765\"\/><\/p>\n<h2 class=\"screen-reader-text\">Article navigation<\/h2>\n<p><h4>Related articles<\/h4>\n<\/p>\n<p><h4>News<\/h4><\/p>\n<div id=\"linit-2102120394\" class=\"linit-apres-contenu linit-entity-placement\"><script async src=\"\/\/pagead2.googlesyndication.com\/pagead\/js\/adsbygoogle.js?client=ca-pub-8992136571741975\" crossorigin=\"anonymous\"><\/script><ins class=\"adsbygoogle\" style=\"display:inline-block;width:728px;height:90px;\" \ndata-ad-client=\"ca-pub-8992136571741975\" \ndata-ad-slot=\"6185130430\"><\/ins> \n<script> \n(adsbygoogle = window.adsbygoogle || []).push({}); \n<\/script>\n<\/div>","protected":false},"excerpt":{"rendered":"<p>Citizen\u2019s Day in Saint-L\u00e9onard. September 13, 2025 at Wilfrid-Bastien Park \u2013 The initiative The economic, cultural and social reference newspaper in Montreal and Quebec Skip to content Article navigation Related articles News<\/p>\n","protected":false},"author":1,"featured_media":4655,"comment_status":"closed","ping_status":"closed","sticky":false,"template":"","format":"standard","meta":{"fifu_image_url":"https:\/\/linitiative.ca\/wp-content\/uploads\/2026\/07\/30288-StLeo-Fete_Citoyen_Ann_Initiative-V01-PRESS-page-001-Copie.jpg","fifu_image_alt":"La F\u00eate du citoyen \u00e0 Saint-L\u00e9onard. Le 13 septembre 2025 au parc Wilfrid-Bastien","footnotes":""},"categories":[42],"tags":[],"class_list":["post-4654","post","type-post","status-publish","format-standard","has-post-thumbnail","hentry","category-montreal"],"_links":{"self":[{"href":"https:\/\/linitiative.ca\/english\/wp-json\/wp\/v2\/posts\/4654","targetHints":{"allow":["GET"]}}],"collection":[{"href":"https:\/\/linitiative.ca\/english\/wp-json\/wp\/v2\/posts"}],"about":[{"href":"https:\/\/linitiative.ca\/english\/wp-json\/wp\/v2\/types\/post"}],"author":[{"embeddable":true,"href":"https:\/\/linitiative.ca\/english\/wp-json\/wp\/v2\/users\/1"}],"replies":[{"embeddable":true,"href":"https:\/\/linitiative.ca\/english\/wp-json\/wp\/v2\/comments?post=4654"}],"version-history":[{"count":0,"href":"https:\/\/linitiative.ca\/english\/wp-json\/wp\/v2\/posts\/4654\/revisions"}],"wp:featuredmedia":[{"embeddable":true,"href":"https:\/\/linitiative.ca\/english\/wp-json\/wp\/v2\/media\/4655"}],"wp:attachment":[{"href":"https:\/\/linitiative.ca\/english\/wp-json\/wp\/v2\/media?parent=4654"}],"wp:term":[{"taxonomy":"category","embeddable":true,"href":"https:\/\/linitiative.ca\/english\/wp-json\/wp\/v2\/categories?post=4654"},{"taxonomy":"post_tag","embeddable":true,"href":"https:\/\/linitiative.ca\/english\/wp-json\/wp\/v2\/tags?post=4654"}],"curies":[{"name":"wp","href":"https:\/\/api.w.org\/{rel}","templated":true}]}}