{"id":85,"date":"2026-02-15T08:40:34","date_gmt":"2026-02-15T07:40:34","guid":{"rendered":"https:\/\/linitiative.ca\/english\/voeux-des-elus-federaux-a-loccasion-du-mois-de-ramadan-2026\/"},"modified":"2026-02-15T08:40:34","modified_gmt":"2026-02-15T07:40:34","slug":"voeux-des-elus-federaux-a-loccasion-du-mois-de-ramadan-2026","status":"publish","type":"post","link":"https:\/\/linitiative.ca\/english\/voeux-des-elus-federaux-a-loccasion-du-mois-de-ramadan-2026\/","title":{"rendered":"Wishes from Federal elected officials for the month of Ramadan 2026"},"content":{"rendered":"<p>Wishes from Federal elected officials for the month of Ramadan 2026 \u2013 The initiative The economic, cultural and social reference newspaper in Montreal and Quebec<\/p>\n<p><a class=\"skip-link screen-reader-text\" href=\"#content\">Skip to content<\/a><\/p>\n<p><img loading=\"lazy\" decoding=\"async\" class=\"aligncenter wp-image-86445 size-full\" src=\"https:\/\/linitiative.ca\/wp-content\/uploads\/2026\/02\/07-L-Initiative_Ramadan_2026-page-001.jpg\" alt=\"\" width=\"600\" height=\"761\" srcset=\"https:\/\/linitiative.ca\/wp-content\/uploads\/2026\/02\/07-L-Initiative_Ramadan_2026-page-001.jpg 600w, https:\/\/linitiative.ca\/wp-content\/uploads\/2026\/02\/07-L-Initiative_Ramadan_2026-page-001-237x300.jpg 237w\" sizes=\"auto, (max-width: 600px) 100vw, 600px\"\/><\/p>\n<h2 class=\"screen-reader-text\">Article navigation<\/h2>\n<p><h4>Related articles<\/h4>\n<\/p>\n<p><h4>News<\/h4><\/p>\n<div id=\"linit-672394676\" class=\"linit-apres-contenu linit-entity-placement\"><script async src=\"\/\/pagead2.googlesyndication.com\/pagead\/js\/adsbygoogle.js?client=ca-pub-8992136571741975\" crossorigin=\"anonymous\"><\/script><ins class=\"adsbygoogle\" style=\"display:block;\" data-ad-client=\"ca-pub-8992136571741975\" \ndata-ad-slot=\"1055921646\" \ndata-ad-format=\"auto\"><\/ins>\n<script> \n(adsbygoogle = window.adsbygoogle || []).push({}); \n<\/script>\n<\/div>","protected":false},"excerpt":{"rendered":"<p>Wishes from Federal elected officials for the month of Ramadan 2026 \u2013 The initiative The economic, cultural and social reference newspaper in Montreal and Quebec Skip to content Article navigation Related articles News<\/p>\n","protected":false},"author":1,"featured_media":86,"comment_status":"closed","ping_status":"closed","sticky":false,"template":"","format":"standard","meta":{"fifu_image_url":"https:\/\/linitiative.ca\/wp-content\/uploads\/2026\/02\/07-L-Initiative_Ramadan_2026-page-001.jpg","fifu_image_alt":"V\u0153ux des \u00e9lus F\u00e9d\u00e9raux \u00e0 l\u2019occasion du mois de Ramadan 2026","footnotes":""},"categories":[16],"tags":[],"class_list":["post-85","post","type-post","status-publish","format-standard","has-post-thumbnail","hentry","category-communaute"],"_links":{"self":[{"href":"https:\/\/linitiative.ca\/english\/wp-json\/wp\/v2\/posts\/85","targetHints":{"allow":["GET"]}}],"collection":[{"href":"https:\/\/linitiative.ca\/english\/wp-json\/wp\/v2\/posts"}],"about":[{"href":"https:\/\/linitiative.ca\/english\/wp-json\/wp\/v2\/types\/post"}],"author":[{"embeddable":true,"href":"https:\/\/linitiative.ca\/english\/wp-json\/wp\/v2\/users\/1"}],"replies":[{"embeddable":true,"href":"https:\/\/linitiative.ca\/english\/wp-json\/wp\/v2\/comments?post=85"}],"version-history":[{"count":0,"href":"https:\/\/linitiative.ca\/english\/wp-json\/wp\/v2\/posts\/85\/revisions"}],"wp:featuredmedia":[{"embeddable":true,"href":"https:\/\/linitiative.ca\/english\/wp-json\/wp\/v2\/media\/86"}],"wp:attachment":[{"href":"https:\/\/linitiative.ca\/english\/wp-json\/wp\/v2\/media?parent=85"}],"wp:term":[{"taxonomy":"category","embeddable":true,"href":"https:\/\/linitiative.ca\/english\/wp-json\/wp\/v2\/categories?post=85"},{"taxonomy":"post_tag","embeddable":true,"href":"https:\/\/linitiative.ca\/english\/wp-json\/wp\/v2\/tags?post=85"}],"curies":[{"name":"wp","href":"https:\/\/api.w.org\/{rel}","templated":true}]}}